{"id":10467,"date":"2023-04-08T14:33:45","date_gmt":"2023-04-08T12:33:45","guid":{"rendered":"https:\/\/gr10.org\/?p=10467"},"modified":"2023-04-08T15:29:57","modified_gmt":"2023-04-08T13:29:57","slug":"la-cabane-de-clarans-sur-le-gr-10-en-cours-de-renovation","status":"publish","type":"post","link":"https:\/\/gr10.org\/index.php\/2023\/04\/08\/la-cabane-de-clarans-sur-le-gr-10-en-cours-de-renovation\/","title":{"rendered":"La cabane de Clarans sur le GR\u00ae10 en cours de r\u00e9novation"},"content":{"rendered":"\t\t<div data-elementor-type=\"wp-post\" data-elementor-id=\"10467\" class=\"elementor elementor-10467\" data-elementor-post-type=\"post\">\n\t\t\t\t\t\t<section class=\"elementor-section elementor-top-section elementor-element elementor-element-8fd265b elementor-section-boxed elementor-section-height-default elementor-section-height-default\" data-id=\"8fd265b\" data-element_type=\"section\" data-e-type=\"section\" data-settings=\"{&quot;background_background&quot;:&quot;classic&quot;}\">\n\t\t\t\t\t\t<div class=\"elementor-container elementor-column-gap-default\">\n\t\t\t\t\t<div class=\"elementor-column elementor-col-100 elementor-top-column elementor-element elementor-element-88f5ec7\" data-id=\"88f5ec7\" data-element_type=\"column\" data-e-type=\"column\" data-settings=\"{&quot;background_background&quot;:&quot;classic&quot;}\">\n\t\t\t<div class=\"elementor-widget-wrap elementor-element-populated\">\n\t\t\t\t\t\t<section class=\"elementor-section elementor-inner-section elementor-element elementor-element-fd5537b elementor-section-boxed elementor-section-height-default elementor-section-height-default\" data-id=\"fd5537b\" data-element_type=\"section\" data-e-type=\"section\">\n\t\t\t\t\t\t<div class=\"elementor-container elementor-column-gap-default\">\n\t\t\t\t\t<div class=\"elementor-column elementor-col-50 elementor-inner-column elementor-element elementor-element-5bc0f85\" data-id=\"5bc0f85\" data-element_type=\"column\" data-e-type=\"column\">\n\t\t\t<div class=\"elementor-widget-wrap elementor-element-populated\">\n\t\t\t\t\t\t<div class=\"elementor-element elementor-element-94a6fa6 elementor-widget elementor-widget-image\" data-id=\"94a6fa6\" data-element_type=\"widget\" data-e-type=\"widget\" data-widget_type=\"image.default\">\n\t\t\t\t<div class=\"elementor-widget-container\">\n\t\t\t\t\t\t\t\t\t\t\t\t\t\t\t<img decoding=\"async\" src=\"https:\/\/secure.gravatar.com\/avatar\/2e74938f71ec0dcef3b5054594356ebc730120b62e7d349eed99feca814999cf?s=96&#038;d=mm&#038;r=g\" title=\"\" alt=\"\" loading=\"lazy\" \/>\t\t\t\t\t\t\t\t\t\t\t\t\t\t\t<\/div>\n\t\t\t\t<\/div>\n\t\t\t\t\t<\/div>\n\t\t<\/div>\n\t\t\t\t<div class=\"elementor-column elementor-col-50 elementor-inner-column elementor-element elementor-element-cec0360\" data-id=\"cec0360\" data-element_type=\"column\" data-e-type=\"column\">\n\t\t\t<div class=\"elementor-widget-wrap elementor-element-populated\">\n\t\t\t\t\t\t<div class=\"elementor-element elementor-element-cf408b2 elementor-widget elementor-widget-text-editor\" data-id=\"cf408b2\" data-element_type=\"widget\" data-e-type=\"widget\" data-widget_type=\"text-editor.default\">\n\t\t\t\t<div class=\"elementor-widget-container\">\n\t\t\t\t\t\t\t\t\tERIC Chaigneau\t\t\t\t\t\t\t\t<\/div>\n\t\t\t\t<\/div>\n\t\t\t\t<div class=\"elementor-element elementor-element-c68c6e6 elementor-widget elementor-widget-text-editor\" data-id=\"c68c6e6\" data-element_type=\"widget\" data-e-type=\"widget\" data-widget_type=\"text-editor.default\">\n\t\t\t\t<div class=\"elementor-widget-container\">\n\t\t\t\t\t\t\t\t\t8 avril 2023\t\t\t\t\t\t\t\t<\/div>\n\t\t\t\t<\/div>\n\t\t\t\t\t<\/div>\n\t\t<\/div>\n\t\t\t\t\t<\/div>\n\t\t<\/section>\n\t\t\t\t<section class=\"elementor-section elementor-inner-section elementor-element elementor-element-f62fb77 elementor-section-full_width elementor-section-content-middle elementor-reverse-mobile elementor-section-height-min-height elementor-section-height-default\" data-id=\"f62fb77\" data-element_type=\"section\" data-e-type=\"section\" data-settings=\"{&quot;background_background&quot;:&quot;classic&quot;}\">\n\t\t\t\t\t\t<div class=\"elementor-container elementor-column-gap-default\">\n\t\t\t\t\t<div class=\"elementor-column elementor-col-50 elementor-inner-column elementor-element elementor-element-e3e0e36\" data-id=\"e3e0e36\" data-element_type=\"column\" data-e-type=\"column\">\n\t\t\t<div class=\"elementor-widget-wrap elementor-element-populated\">\n\t\t\t\t\t\t<div class=\"elementor-element elementor-element-4714157 elementor-widget elementor-widget-text-editor\" data-id=\"4714157\" data-element_type=\"widget\" data-e-type=\"widget\" data-widget_type=\"text-editor.default\">\n\t\t\t\t<div class=\"elementor-widget-container\">\n\t\t\t\t\t\t\t\t\t8 avril 2023\t\t\t\t\t\t\t\t<\/div>\n\t\t\t\t<\/div>\n\t\t\t\t<div class=\"elementor-element elementor-element-df39517 elementor-widget elementor-widget-heading\" data-id=\"df39517\" data-element_type=\"widget\" data-e-type=\"widget\" data-widget_type=\"heading.default\">\n\t\t\t\t<div class=\"elementor-widget-container\">\n\t\t\t\t\t<h3 class=\"elementor-heading-title elementor-size-default\">une belle initiative collective pour les randonneurs !<\/h3>\t\t\t\t<\/div>\n\t\t\t\t<\/div>\n\t\t\t\t<div class=\"elementor-element elementor-element-ac77bef elementor-widget elementor-widget-text-editor\" data-id=\"ac77bef\" data-element_type=\"widget\" data-e-type=\"widget\" data-widget_type=\"text-editor.default\">\n\t\t\t\t<div class=\"elementor-widget-container\">\n\t\t\t\t\t\t\t\t\t<p>La cabane de Clarans sur le GR\u00ae10 en cours de r\u00e9novation! C&rsquo;est une excellente nouvelle pour les randonneurs de passage sur le GR\u00ae 10 ! Les travaux de r\u00e9novation de la cabane de Clarans ont commenc\u00e9. Le mercredi 5 avril 2023, les mat\u00e9riaux n\u00e9cessaires pour la restauration de la cabane ont \u00e9t\u00e9 achemin\u00e9s par h\u00e9liportage. Un moment fort en \u00e9motions pour tous ceux et celles qui ont contribu\u00e9 au financement de ce projet.<br \/><br \/>Apr\u00e8s une premi\u00e8re phase de gros \u0153uvre, les travaux d&rsquo;enjolivement vont pouvoir commencer. Des b\u00e9n\u00e9voles, passionn\u00e9s de montagnes et du GR10, viendront pr\u00eater main forte pour am\u00e9liorer l&rsquo;esth\u00e9tique de la cabane. Ils la rendront ainsi encore plus accueillante pour les randonneurs. Cette initiative permettra de rassembler de nombreuses personnes autour d&rsquo;un projet commun pour une cause noble et importante.<br \/><br \/>La cabane de Clarans, situ\u00e9e dans un environnement sauvage aux reliefs ac\u00e9r\u00e9s, deviendra ainsi un lieu chaleureux et convivial. Les randonneurs pourront s&rsquo;y reposer et se ressourcer avant de continuer leur p\u00e9riple. Gr\u00e2ce \u00e0 l\u2019action de la FFRANDONNEE ayant permis un bel <a href=\"https:\/\/www.ffrandonnee.fr\/s-informer\/actualites\/gr-10-un-appel-a-dons-pour-restaurer-la-cabane-de-clarans-ariege\" target=\"_blank\" rel=\"noopener\">appel \u00e0 don<\/a>, \u00e0 l\u2019engagement du Comit\u00e9 de Randonn\u00e9e p\u00e9destre d\u2019Ari\u00e8ge (CDRP09) et \u00e0 l&rsquo;implication de l&rsquo;association Amis GRdistes et de ses nombreux b\u00e9n\u00e9voles, la cabane sera \u00e0 la hauteur des attentes des randonneurs les plus exigeants.<br \/><span style=\"font-family: var( --e-global-typography-ef9164a-font-family ), Sans-serif; font-size: var( --e-global-typography-ef9164a-font-size ); font-weight: var( --e-global-typography-ef9164a-font-weight ); letter-spacing: var( --e-global-typography-ef9164a-letter-spacing ); word-spacing: var( --e-global-typography-ef9164a-word-spacing );\"><br \/>Cette initiative permettra de renforcer les liens entre les diff\u00e9rents acteurs du projet et de cr\u00e9er une v\u00e9ritable communaut\u00e9 autour de la cabane de Clarans.\u00a0<br \/><\/span><span style=\"font-family: var( --e-global-typography-ef9164a-font-family ), Sans-serif; font-size: var( --e-global-typography-ef9164a-font-size ); font-weight: var( --e-global-typography-ef9164a-font-weight ); letter-spacing: var( --e-global-typography-ef9164a-letter-spacing ); word-spacing: var( --e-global-typography-ef9164a-word-spacing );\"><br \/>Cette r\u00e9novation de la cabane de Clarans est une excellente nouvelle pour les randonneurs et pour les passionn\u00e9s de montagne. Gr\u00e2ce \u00e0 cette implication collective, la cabane sera bient\u00f4t pr\u00eate \u00e0 accueillir les randonneurs dans les meilleures conditions possibles. Alors, rendez-vous prochainement sur le GR\u00ae 10 pour d\u00e9couvrir cette cabane r\u00e9nov\u00e9e et profiter pleinement de la beaut\u00e9 de la nature environnante !<\/span><\/p>\t\t\t\t\t\t\t\t<\/div>\n\t\t\t\t<\/div>\n\t\t\t\t\t<\/div>\n\t\t<\/div>\n\t\t\t\t<div class=\"elementor-column elementor-col-50 elementor-inner-column elementor-element elementor-element-f3ca698\" data-id=\"f3ca698\" data-element_type=\"column\" data-e-type=\"column\" data-settings=\"{&quot;background_background&quot;:&quot;classic&quot;}\">\n\t\t\t<div class=\"elementor-widget-wrap elementor-element-populated\">\n\t\t\t\t\t\t<div class=\"elementor-element elementor-element-70895e3 elementor-widget elementor-widget-image\" data-id=\"70895e3\" data-element_type=\"widget\" data-e-type=\"widget\" data-widget_type=\"image.default\">\n\t\t\t\t<div class=\"elementor-widget-container\">\n\t\t\t\t\t\t\t\t\t\t\t\t<figure class=\"wp-caption\">\n\t\t\t\t\t\t\t\t\t\t<img fetchpriority=\"high\" decoding=\"async\" width=\"684\" height=\"1024\" src=\"https:\/\/gr10.org\/wp-content\/uploads\/2023\/04\/Cabane-14-684x1024.jpg\" class=\"attachment-large size-large wp-image-10483\" alt=\"R\u00e9novation de la cabane de Clarans sur le GR10\" srcset=\"https:\/\/gr10.org\/wp-content\/uploads\/2023\/04\/Cabane-14-684x1024.jpg 684w, https:\/\/gr10.org\/wp-content\/uploads\/2023\/04\/Cabane-14-200x300.jpg 200w, https:\/\/gr10.org\/wp-content\/uploads\/2023\/04\/Cabane-14-768x1150.jpg 768w, https:\/\/gr10.org\/wp-content\/uploads\/2023\/04\/Cabane-14-1025x1536.jpg 1025w, https:\/\/gr10.org\/wp-content\/uploads\/2023\/04\/Cabane-14-1367x2048.jpg 1367w, https:\/\/gr10.org\/wp-content\/uploads\/2023\/04\/Cabane-14-scaled.jpg 1709w\" sizes=\"(max-width: 684px) 100vw, 684px\" \/>\t\t\t\t\t\t\t\t\t\t\t<figcaption class=\"widget-image-caption wp-caption-text\">R\u00e9novation de la cabane de Clarans sur le GR10\nPhotos Jean-Claude EMLINGER<\/figcaption>\n\t\t\t\t\t\t\t\t\t\t<\/figure>\n\t\t\t\t\t\t\t\t\t<\/div>\n\t\t\t\t<\/div>\n\t\t\t\t\t<\/div>\n\t\t<\/div>\n\t\t\t\t\t<\/div>\n\t\t<\/section>\n\t\t\t\t<section class=\"elementor-section elementor-inner-section elementor-element elementor-element-eb2eff0 elementor-section-full_width elementor-section-content-middle elementor-reverse-mobile elementor-section-height-min-height elementor-section-height-default\" data-id=\"eb2eff0\" data-element_type=\"section\" data-e-type=\"section\" data-settings=\"{&quot;background_background&quot;:&quot;classic&quot;}\">\n\t\t\t\t\t\t<div class=\"elementor-container elementor-column-gap-default\">\n\t\t\t\t\t<div class=\"elementor-column elementor-col-100 elementor-inner-column elementor-element elementor-element-39b9e8d\" data-id=\"39b9e8d\" data-element_type=\"column\" data-e-type=\"column\" data-settings=\"{&quot;background_background&quot;:&quot;classic&quot;}\">\n\t\t\t<div class=\"elementor-widget-wrap elementor-element-populated\">\n\t\t\t\t\t\t<div class=\"elementor-element elementor-element-69cf661 elementor-widget elementor-widget-gallery\" data-id=\"69cf661\" data-element_type=\"widget\" data-e-type=\"widget\" data-settings=\"{&quot;columns&quot;:3,&quot;gap&quot;:{&quot;unit&quot;:&quot;px&quot;,&quot;size&quot;:14,&quot;sizes&quot;:[]},&quot;lazyload&quot;:&quot;yes&quot;,&quot;gallery_layout&quot;:&quot;grid&quot;,&quot;columns_tablet&quot;:2,&quot;columns_mobile&quot;:1,&quot;gap_tablet&quot;:{&quot;unit&quot;:&quot;px&quot;,&quot;size&quot;:10,&quot;sizes&quot;:[]},&quot;gap_mobile&quot;:{&quot;unit&quot;:&quot;px&quot;,&quot;size&quot;:10,&quot;sizes&quot;:[]},&quot;link_to&quot;:&quot;file&quot;,&quot;aspect_ratio&quot;:&quot;3:2&quot;,&quot;overlay_background&quot;:&quot;yes&quot;,&quot;content_hover_animation&quot;:&quot;fade-in&quot;}\" data-widget_type=\"gallery.default\">\n\t\t\t\t<div class=\"elementor-widget-container\">\n\t\t\t\t\t\t\t<div class=\"elementor-gallery__container\">\n\t\t\t\t\t\t\t<a class=\"e-gallery-item elementor-gallery-item elementor-animated-content\" href=\"https:\/\/gr10.org\/wp-content\/uploads\/2023\/04\/Cabane-1-scaled.jpg\" data-elementor-open-lightbox=\"yes\" data-elementor-lightbox-slideshow=\"69cf661\" data-elementor-lightbox-title=\"R\u00e9novation de la cabane de Clarans sur le GR10\" data-e-action-hash=\"#elementor-action%3Aaction%3Dlightbox%26settings%3DeyJpZCI6MTA0NjksInVybCI6Imh0dHBzOlwvXC9ncjEwLm9yZ1wvd3AtY29udGVudFwvdXBsb2Fkc1wvMjAyM1wvMDRcL0NhYmFuZS0xLXNjYWxlZC5qcGciLCJzbGlkZXNob3ciOiI2OWNmNjYxIn0%3D\">\n\t\t\t\t\t<div class=\"e-gallery-image elementor-gallery-item__image\" data-thumbnail=\"https:\/\/gr10.org\/wp-content\/uploads\/2023\/04\/Cabane-1-1024x684.jpg\" data-width=\"1024\" data-height=\"684\" aria-label=\"R\u00e9novation de la cabane de Clarans sur le GR10\" role=\"img\" ><\/div>\n\t\t\t\t\t\t\t\t\t\t\t<div class=\"elementor-gallery-item__overlay\"><\/div>\n\t\t\t\t\t\t\t\t\t\t\t\t\t\t<\/a>\n\t\t\t\t\t\t\t<a class=\"e-gallery-item elementor-gallery-item elementor-animated-content\" href=\"https:\/\/gr10.org\/wp-content\/uploads\/2023\/04\/Cabane-2-scaled.jpg\" data-elementor-open-lightbox=\"yes\" data-elementor-lightbox-slideshow=\"69cf661\" data-elementor-lightbox-title=\"R\u00e9novation de la cabane de Clarans sur le GR10\" data-e-action-hash=\"#elementor-action%3Aaction%3Dlightbox%26settings%3DeyJpZCI6MTA0NzAsInVybCI6Imh0dHBzOlwvXC9ncjEwLm9yZ1wvd3AtY29udGVudFwvdXBsb2Fkc1wvMjAyM1wvMDRcL0NhYmFuZS0yLXNjYWxlZC5qcGciLCJzbGlkZXNob3ciOiI2OWNmNjYxIn0%3D\">\n\t\t\t\t\t<div class=\"e-gallery-image elementor-gallery-item__image\" data-thumbnail=\"https:\/\/gr10.org\/wp-content\/uploads\/2023\/04\/Cabane-2-1024x656.jpg\" data-width=\"1024\" data-height=\"656\" aria-label=\"R\u00e9novation de la cabane de Clarans sur le GR10\" role=\"img\" ><\/div>\n\t\t\t\t\t\t\t\t\t\t\t<div class=\"elementor-gallery-item__overlay\"><\/div>\n\t\t\t\t\t\t\t\t\t\t\t\t\t\t<\/a>\n\t\t\t\t\t\t\t<a class=\"e-gallery-item elementor-gallery-item elementor-animated-content\" href=\"https:\/\/gr10.org\/wp-content\/uploads\/2023\/04\/Cabane-4-scaled.jpg\" data-elementor-open-lightbox=\"yes\" data-elementor-lightbox-slideshow=\"69cf661\" data-elementor-lightbox-title=\"R\u00e9novation de la cabane de Clarans sur le GR10\" data-e-action-hash=\"#elementor-action%3Aaction%3Dlightbox%26settings%3DeyJpZCI6MTA0NzEsInVybCI6Imh0dHBzOlwvXC9ncjEwLm9yZ1wvd3AtY29udGVudFwvdXBsb2Fkc1wvMjAyM1wvMDRcL0NhYmFuZS00LXNjYWxlZC5qcGciLCJzbGlkZXNob3ciOiI2OWNmNjYxIn0%3D\">\n\t\t\t\t\t<div class=\"e-gallery-image elementor-gallery-item__image\" data-thumbnail=\"https:\/\/gr10.org\/wp-content\/uploads\/2023\/04\/Cabane-4-1024x684.jpg\" data-width=\"1024\" data-height=\"684\" aria-label=\"R\u00e9novation de la cabane de Clarans sur le GR10\" role=\"img\" ><\/div>\n\t\t\t\t\t\t\t\t\t\t\t<div class=\"elementor-gallery-item__overlay\"><\/div>\n\t\t\t\t\t\t\t\t\t\t\t\t\t\t<\/a>\n\t\t\t\t\t\t\t<a class=\"e-gallery-item elementor-gallery-item elementor-animated-content\" href=\"https:\/\/gr10.org\/wp-content\/uploads\/2023\/04\/Cabane-9-scaled.jpg\" data-elementor-open-lightbox=\"yes\" data-elementor-lightbox-slideshow=\"69cf661\" data-elementor-lightbox-title=\"R\u00e9novation de la cabane de Clarans sur le GR10\" data-e-action-hash=\"#elementor-action%3Aaction%3Dlightbox%26settings%3DeyJpZCI6MTA0NzIsInVybCI6Imh0dHBzOlwvXC9ncjEwLm9yZ1wvd3AtY29udGVudFwvdXBsb2Fkc1wvMjAyM1wvMDRcL0NhYmFuZS05LXNjYWxlZC5qcGciLCJzbGlkZXNob3ciOiI2OWNmNjYxIn0%3D\">\n\t\t\t\t\t<div class=\"e-gallery-image elementor-gallery-item__image\" data-thumbnail=\"https:\/\/gr10.org\/wp-content\/uploads\/2023\/04\/Cabane-9-684x1024.jpg\" data-width=\"684\" data-height=\"1024\" aria-label=\"R\u00e9novation de la cabane de Clarans sur le GR10\" role=\"img\" ><\/div>\n\t\t\t\t\t\t\t\t\t\t\t<div class=\"elementor-gallery-item__overlay\"><\/div>\n\t\t\t\t\t\t\t\t\t\t\t\t\t\t<\/a>\n\t\t\t\t\t\t\t<a class=\"e-gallery-item elementor-gallery-item elementor-animated-content\" href=\"https:\/\/gr10.org\/wp-content\/uploads\/2023\/04\/Cabane-15-scaled.jpg\" data-elementor-open-lightbox=\"yes\" data-elementor-lightbox-slideshow=\"69cf661\" data-elementor-lightbox-title=\"R\u00e9novation de la cabane de Clarans sur le GR10\" data-e-action-hash=\"#elementor-action%3Aaction%3Dlightbox%26settings%3DeyJpZCI6MTA0NzMsInVybCI6Imh0dHBzOlwvXC9ncjEwLm9yZ1wvd3AtY29udGVudFwvdXBsb2Fkc1wvMjAyM1wvMDRcL0NhYmFuZS0xNS1zY2FsZWQuanBnIiwic2xpZGVzaG93IjoiNjljZjY2MSJ9\">\n\t\t\t\t\t<div class=\"e-gallery-image elementor-gallery-item__image\" data-thumbnail=\"https:\/\/gr10.org\/wp-content\/uploads\/2023\/04\/Cabane-15-1024x684.jpg\" data-width=\"1024\" data-height=\"684\" aria-label=\"R\u00e9novation de la cabane de Clarans sur le GR10\" role=\"img\" ><\/div>\n\t\t\t\t\t\t\t\t\t\t\t<div class=\"elementor-gallery-item__overlay\"><\/div>\n\t\t\t\t\t\t\t\t\t\t\t\t\t\t<\/a>\n\t\t\t\t\t\t\t<a class=\"e-gallery-item elementor-gallery-item elementor-animated-content\" href=\"https:\/\/gr10.org\/wp-content\/uploads\/2023\/04\/Cabane-17-scaled.jpg\" data-elementor-open-lightbox=\"yes\" data-elementor-lightbox-slideshow=\"69cf661\" data-elementor-lightbox-title=\"R\u00e9novation de la cabane de Clarans sur le GR10\" data-e-action-hash=\"#elementor-action%3Aaction%3Dlightbox%26settings%3DeyJpZCI6MTA0NzQsInVybCI6Imh0dHBzOlwvXC9ncjEwLm9yZ1wvd3AtY29udGVudFwvdXBsb2Fkc1wvMjAyM1wvMDRcL0NhYmFuZS0xNy1zY2FsZWQuanBnIiwic2xpZGVzaG93IjoiNjljZjY2MSJ9\">\n\t\t\t\t\t<div class=\"e-gallery-image elementor-gallery-item__image\" data-thumbnail=\"https:\/\/gr10.org\/wp-content\/uploads\/2023\/04\/Cabane-17-1024x576.jpg\" data-width=\"1024\" data-height=\"576\" aria-label=\"R\u00e9novation de la cabane de Clarans sur le GR10\" role=\"img\" ><\/div>\n\t\t\t\t\t\t\t\t\t\t\t<div class=\"elementor-gallery-item__overlay\"><\/div>\n\t\t\t\t\t\t\t\t\t\t\t\t\t\t<\/a>\n\t\t\t\t\t\t\t<a class=\"e-gallery-item elementor-gallery-item elementor-animated-content\" href=\"https:\/\/gr10.org\/wp-content\/uploads\/2023\/04\/Cabane-23-scaled.jpg\" data-elementor-open-lightbox=\"yes\" data-elementor-lightbox-slideshow=\"69cf661\" data-elementor-lightbox-title=\"R\u00e9novation de la cabane de Clarans sur le GR10\" data-e-action-hash=\"#elementor-action%3Aaction%3Dlightbox%26settings%3DeyJpZCI6MTA0NzUsInVybCI6Imh0dHBzOlwvXC9ncjEwLm9yZ1wvd3AtY29udGVudFwvdXBsb2Fkc1wvMjAyM1wvMDRcL0NhYmFuZS0yMy1zY2FsZWQuanBnIiwic2xpZGVzaG93IjoiNjljZjY2MSJ9\">\n\t\t\t\t\t<div class=\"e-gallery-image elementor-gallery-item__image\" data-thumbnail=\"https:\/\/gr10.org\/wp-content\/uploads\/2023\/04\/Cabane-23-1024x576.jpg\" data-width=\"1024\" data-height=\"576\" aria-label=\"R\u00e9novation de la cabane de Clarans sur le GR10\" role=\"img\" ><\/div>\n\t\t\t\t\t\t\t\t\t\t\t<div class=\"elementor-gallery-item__overlay\"><\/div>\n\t\t\t\t\t\t\t\t\t\t\t\t\t\t<\/a>\n\t\t\t\t\t\t\t<a class=\"e-gallery-item elementor-gallery-item elementor-animated-content\" href=\"https:\/\/gr10.org\/wp-content\/uploads\/2023\/04\/Cabane-24-scaled.jpg\" data-elementor-open-lightbox=\"yes\" data-elementor-lightbox-slideshow=\"69cf661\" data-elementor-lightbox-title=\"R\u00e9novation de la cabane de Clarans sur le GR10\" data-e-action-hash=\"#elementor-action%3Aaction%3Dlightbox%26settings%3DeyJpZCI6MTA0NzYsInVybCI6Imh0dHBzOlwvXC9ncjEwLm9yZ1wvd3AtY29udGVudFwvdXBsb2Fkc1wvMjAyM1wvMDRcL0NhYmFuZS0yNC1zY2FsZWQuanBnIiwic2xpZGVzaG93IjoiNjljZjY2MSJ9\">\n\t\t\t\t\t<div class=\"e-gallery-image elementor-gallery-item__image\" data-thumbnail=\"https:\/\/gr10.org\/wp-content\/uploads\/2023\/04\/Cabane-24-1024x684.jpg\" data-width=\"1024\" data-height=\"684\" aria-label=\"R\u00e9novation de la cabane de Clarans sur le GR10\" role=\"img\" ><\/div>\n\t\t\t\t\t\t\t\t\t\t\t<div class=\"elementor-gallery-item__overlay\"><\/div>\n\t\t\t\t\t\t\t\t\t\t\t\t\t\t<\/a>\n\t\t\t\t\t\t\t<a class=\"e-gallery-item elementor-gallery-item elementor-animated-content\" href=\"https:\/\/gr10.org\/wp-content\/uploads\/2023\/04\/Cabane-25-scaled.jpg\" data-elementor-open-lightbox=\"yes\" data-elementor-lightbox-slideshow=\"69cf661\" data-elementor-lightbox-title=\"R\u00e9novation de la cabane de Clarans sur le GR10\" data-e-action-hash=\"#elementor-action%3Aaction%3Dlightbox%26settings%3DeyJpZCI6MTA0NzcsInVybCI6Imh0dHBzOlwvXC9ncjEwLm9yZ1wvd3AtY29udGVudFwvdXBsb2Fkc1wvMjAyM1wvMDRcL0NhYmFuZS0yNS1zY2FsZWQuanBnIiwic2xpZGVzaG93IjoiNjljZjY2MSJ9\">\n\t\t\t\t\t<div class=\"e-gallery-image elementor-gallery-item__image\" data-thumbnail=\"https:\/\/gr10.org\/wp-content\/uploads\/2023\/04\/Cabane-25-1024x576.jpg\" data-width=\"1024\" data-height=\"576\" aria-label=\"R\u00e9novation de la cabane de Clarans sur le GR10\" role=\"img\" ><\/div>\n\t\t\t\t\t\t\t\t\t\t\t<div class=\"elementor-gallery-item__overlay\"><\/div>\n\t\t\t\t\t\t\t\t\t\t\t\t\t\t<\/a>\n\t\t\t\t\t\t\t<a class=\"e-gallery-item elementor-gallery-item elementor-animated-content\" href=\"https:\/\/gr10.org\/wp-content\/uploads\/2023\/04\/Cabane-29-scaled.jpg\" data-elementor-open-lightbox=\"yes\" data-elementor-lightbox-slideshow=\"69cf661\" data-elementor-lightbox-title=\"Cabane (29)\" data-e-action-hash=\"#elementor-action%3Aaction%3Dlightbox%26settings%3DeyJpZCI6MTA0NzgsInVybCI6Imh0dHBzOlwvXC9ncjEwLm9yZ1wvd3AtY29udGVudFwvdXBsb2Fkc1wvMjAyM1wvMDRcL0NhYmFuZS0yOS1zY2FsZWQuanBnIiwic2xpZGVzaG93IjoiNjljZjY2MSJ9\">\n\t\t\t\t\t<div class=\"e-gallery-image elementor-gallery-item__image\" data-thumbnail=\"https:\/\/gr10.org\/wp-content\/uploads\/2023\/04\/Cabane-29-1024x684.jpg\" data-width=\"1024\" data-height=\"684\" aria-label=\"\" role=\"img\" ><\/div>\n\t\t\t\t\t\t\t\t\t\t\t<div class=\"elementor-gallery-item__overlay\"><\/div>\n\t\t\t\t\t\t\t\t\t\t\t\t\t\t<\/a>\n\t\t\t\t\t<\/div>\n\t\t\t\t\t<\/div>\n\t\t\t\t<\/div>\n\t\t\t\t\t<\/div>\n\t\t<\/div>\n\t\t\t\t\t<\/div>\n\t\t<\/section>\n\t\t\t\t<section class=\"elementor-section elementor-inner-section elementor-element elementor-element-2484fe6 elementor-section-full_width elementor-section-content-middle elementor-section-height-default elementor-section-height-default\" data-id=\"2484fe6\" data-element_type=\"section\" data-e-type=\"section\" data-settings=\"{&quot;background_background&quot;:&quot;classic&quot;}\">\n\t\t\t\t\t\t<div class=\"elementor-container elementor-column-gap-default\">\n\t\t\t\t\t<div class=\"elementor-column elementor-col-100 elementor-inner-column elementor-element elementor-element-1b9adf7\" data-id=\"1b9adf7\" data-element_type=\"column\" data-e-type=\"column\">\n\t\t\t<div class=\"elementor-widget-wrap elementor-element-populated\">\n\t\t\t\t\t\t<div class=\"elementor-element elementor-element-bba8f04 elementor-align-center elementor-widget__width-auto elementor-widget elementor-widget-button\" data-id=\"bba8f04\" data-element_type=\"widget\" data-e-type=\"widget\" data-widget_type=\"button.default\">\n\t\t\t\t<div class=\"elementor-widget-container\">\n\t\t\t\t\t\t\t\t\t<div class=\"elementor-button-wrapper\">\n\t\t\t\t\t<a class=\"elementor-button elementor-button-link elementor-size-xs\" href=\"https:\/\/gr10.org\/index.php\/les-dernieres-actualitees\/?preview_id=8526&#038;preview_nonce=8e933d49b1&#038;preview=true\">\n\t\t\t\t\t\t<span class=\"elementor-button-content-wrapper\">\n\t\t\t\t\t\t\t\t\t<span class=\"elementor-button-text\">Retour page des actualit\u00e9s<\/span>\n\t\t\t\t\t<\/span>\n\t\t\t\t\t<\/a>\n\t\t\t\t<\/div>\n\t\t\t\t\t\t\t\t<\/div>\n\t\t\t\t<\/div>\n\t\t\t\t\t<\/div>\n\t\t<\/div>\n\t\t\t\t\t<\/div>\n\t\t<\/section>\n\t\t\t\t\t<\/div>\n\t\t<\/div>\n\t\t\t\t\t<\/div>\n\t\t<\/section>\n\t\t\t\t<\/div>\n\t\t","protected":false},"excerpt":{"rendered":"<p>C&rsquo;est une excellente nouvelle pour les randonneurs de passage sur le GR\u00ae 10 ! Les travaux de r\u00e9novation de la cabane de Clarans ont commenc\u00e9 et sont bien lanc\u00e9s. Le mercredi 5 avril 2023, les mat\u00e9riaux n\u00e9cessaires pour la restauration de la cabane ont \u00e9t\u00e9 achemin\u00e9s par h\u00e9liportage.<\/p>\n","protected":false},"author":3,"featured_media":10483,"comment_status":"open","ping_status":"open","sticky":false,"template":"","format":"standard","meta":{"_acf_changed":false,"_kad_post_transparent":"","_kad_post_title":"hide","_kad_post_layout":"right","_kad_post_sidebar_id":"sidebar-primary","_kad_post_content_style":"unboxed","_kad_post_vertical_padding":"hide","_kad_post_feature":"hide","_kad_post_feature_position":"","_kad_post_header":false,"_kad_post_footer":true,"footnotes":""},"categories":[35],"tags":[38],"class_list":["post-10467","post","type-post","status-publish","format-standard","has-post-thumbnail","hentry","category-actu-info-gr10","tag-pyrenees-ariegeoises"],"acf":[],"yoast_head":"<!-- This site is optimized with the Yoast SEO plugin v27.4 - https:\/\/yoast.com\/product\/yoast-seo-wordpress\/ -->\n<title>- La cabane de Clarans sur le GR\u00ae10 en cours de r\u00e9novation<\/title>\n<meta name=\"description\" content=\"La cabane de Clarans sur le GR\u00ae10 en cours de r\u00e9novation. Un projet collectif pour offrir aux randonneurs un lieu convivial et accueillant.\" \/>\n<meta name=\"robots\" content=\"index, follow, max-snippet:-1, max-image-preview:large, max-video-preview:-1\" \/>\n<link rel=\"canonical\" href=\"https:\/\/gr10.org\/index.php\/2023\/04\/08\/la-cabane-de-clarans-sur-le-gr-10-en-cours-de-renovation\/\" \/>\n<meta property=\"og:locale\" content=\"fr_FR\" \/>\n<meta property=\"og:type\" content=\"article\" \/>\n<meta property=\"og:title\" content=\"- La cabane de Clarans sur le GR\u00ae10 en cours de r\u00e9novation\" \/>\n<meta property=\"og:description\" content=\"La cabane de Clarans sur le GR\u00ae10 en cours de r\u00e9novation. Un projet collectif pour offrir aux randonneurs un lieu convivial et accueillant.\" \/>\n<meta property=\"og:url\" content=\"https:\/\/gr10.org\/index.php\/2023\/04\/08\/la-cabane-de-clarans-sur-le-gr-10-en-cours-de-renovation\/\" \/>\n<meta property=\"og:site_name\" content=\"GR10 - La grande travers\u00e9e des Pyr\u00e9n\u00e9es\" \/>\n<meta property=\"article:published_time\" content=\"2023-04-08T12:33:45+00:00\" \/>\n<meta property=\"article:modified_time\" content=\"2023-04-08T13:29:57+00:00\" \/>\n<meta property=\"og:image\" content=\"https:\/\/gr10.org\/wp-content\/uploads\/2023\/04\/Cabane-14-scaled.jpg\" \/>\n\t<meta property=\"og:image:width\" content=\"1709\" \/>\n\t<meta property=\"og:image:height\" content=\"2560\" \/>\n\t<meta property=\"og:image:type\" content=\"image\/jpeg\" \/>\n<meta name=\"author\" content=\"ERIC Chaigneau\" \/>\n<meta name=\"twitter:card\" content=\"summary_large_image\" \/>\n<meta name=\"twitter:label1\" content=\"\u00c9crit par\" \/>\n\t<meta name=\"twitter:data1\" content=\"ERIC Chaigneau\" \/>\n\t<meta name=\"twitter:label2\" content=\"Dur\u00e9e de lecture estim\u00e9e\" \/>\n\t<meta name=\"twitter:data2\" content=\"1 minute\" \/>\n<script type=\"application\/ld+json\" class=\"yoast-schema-graph\">{\"@context\":\"https:\\\/\\\/schema.org\",\"@graph\":[{\"@type\":\"Article\",\"@id\":\"https:\\\/\\\/gr10.org\\\/index.php\\\/2023\\\/04\\\/08\\\/la-cabane-de-clarans-sur-le-gr-10-en-cours-de-renovation\\\/#article\",\"isPartOf\":{\"@id\":\"https:\\\/\\\/gr10.org\\\/index.php\\\/2023\\\/04\\\/08\\\/la-cabane-de-clarans-sur-le-gr-10-en-cours-de-renovation\\\/\"},\"author\":{\"name\":\"ERIC Chaigneau\",\"@id\":\"https:\\\/\\\/gr10.org\\\/#\\\/schema\\\/person\\\/bd9204e43e40f2148339e832cf7547f6\"},\"headline\":\"La cabane de Clarans sur le GR\u00ae10 en cours de r\u00e9novation\",\"datePublished\":\"2023-04-08T12:33:45+00:00\",\"dateModified\":\"2023-04-08T13:29:57+00:00\",\"mainEntityOfPage\":{\"@id\":\"https:\\\/\\\/gr10.org\\\/index.php\\\/2023\\\/04\\\/08\\\/la-cabane-de-clarans-sur-le-gr-10-en-cours-de-renovation\\\/\"},\"wordCount\":354,\"commentCount\":0,\"image\":{\"@id\":\"https:\\\/\\\/gr10.org\\\/index.php\\\/2023\\\/04\\\/08\\\/la-cabane-de-clarans-sur-le-gr-10-en-cours-de-renovation\\\/#primaryimage\"},\"thumbnailUrl\":\"https:\\\/\\\/gr10.org\\\/wp-content\\\/uploads\\\/2023\\\/04\\\/Cabane-14-scaled.jpg\",\"keywords\":[\"Pyr\u00e9n\u00e9es Ari\u00e9geoises\"],\"articleSection\":[\"Actu Info GR10\"],\"inLanguage\":\"fr-FR\",\"potentialAction\":[{\"@type\":\"CommentAction\",\"name\":\"Comment\",\"target\":[\"https:\\\/\\\/gr10.org\\\/index.php\\\/2023\\\/04\\\/08\\\/la-cabane-de-clarans-sur-le-gr-10-en-cours-de-renovation\\\/#respond\"]}]},{\"@type\":\"WebPage\",\"@id\":\"https:\\\/\\\/gr10.org\\\/index.php\\\/2023\\\/04\\\/08\\\/la-cabane-de-clarans-sur-le-gr-10-en-cours-de-renovation\\\/\",\"url\":\"https:\\\/\\\/gr10.org\\\/index.php\\\/2023\\\/04\\\/08\\\/la-cabane-de-clarans-sur-le-gr-10-en-cours-de-renovation\\\/\",\"name\":\"- La cabane de Clarans sur le GR\u00ae10 en cours de r\u00e9novation\",\"isPartOf\":{\"@id\":\"https:\\\/\\\/gr10.org\\\/#website\"},\"primaryImageOfPage\":{\"@id\":\"https:\\\/\\\/gr10.org\\\/index.php\\\/2023\\\/04\\\/08\\\/la-cabane-de-clarans-sur-le-gr-10-en-cours-de-renovation\\\/#primaryimage\"},\"image\":{\"@id\":\"https:\\\/\\\/gr10.org\\\/index.php\\\/2023\\\/04\\\/08\\\/la-cabane-de-clarans-sur-le-gr-10-en-cours-de-renovation\\\/#primaryimage\"},\"thumbnailUrl\":\"https:\\\/\\\/gr10.org\\\/wp-content\\\/uploads\\\/2023\\\/04\\\/Cabane-14-scaled.jpg\",\"datePublished\":\"2023-04-08T12:33:45+00:00\",\"dateModified\":\"2023-04-08T13:29:57+00:00\",\"author\":{\"@id\":\"https:\\\/\\\/gr10.org\\\/#\\\/schema\\\/person\\\/bd9204e43e40f2148339e832cf7547f6\"},\"description\":\"La cabane de Clarans sur le GR\u00ae10 en cours de r\u00e9novation. Un projet collectif pour offrir aux randonneurs un lieu convivial et accueillant.\",\"breadcrumb\":{\"@id\":\"https:\\\/\\\/gr10.org\\\/index.php\\\/2023\\\/04\\\/08\\\/la-cabane-de-clarans-sur-le-gr-10-en-cours-de-renovation\\\/#breadcrumb\"},\"inLanguage\":\"fr-FR\",\"potentialAction\":[{\"@type\":\"ReadAction\",\"target\":[\"https:\\\/\\\/gr10.org\\\/index.php\\\/2023\\\/04\\\/08\\\/la-cabane-de-clarans-sur-le-gr-10-en-cours-de-renovation\\\/\"]}]},{\"@type\":\"ImageObject\",\"inLanguage\":\"fr-FR\",\"@id\":\"https:\\\/\\\/gr10.org\\\/index.php\\\/2023\\\/04\\\/08\\\/la-cabane-de-clarans-sur-le-gr-10-en-cours-de-renovation\\\/#primaryimage\",\"url\":\"https:\\\/\\\/gr10.org\\\/wp-content\\\/uploads\\\/2023\\\/04\\\/Cabane-14-scaled.jpg\",\"contentUrl\":\"https:\\\/\\\/gr10.org\\\/wp-content\\\/uploads\\\/2023\\\/04\\\/Cabane-14-scaled.jpg\",\"width\":1709,\"height\":2560,\"caption\":\"R\u00e9novation de la cabane de Clarans sur le GR10 Photos Jean-Claude EMLINGER\"},{\"@type\":\"BreadcrumbList\",\"@id\":\"https:\\\/\\\/gr10.org\\\/index.php\\\/2023\\\/04\\\/08\\\/la-cabane-de-clarans-sur-le-gr-10-en-cours-de-renovation\\\/#breadcrumb\",\"itemListElement\":[{\"@type\":\"ListItem\",\"position\":1,\"name\":\"Accueil\",\"item\":\"https:\\\/\\\/gr10.org\\\/\"},{\"@type\":\"ListItem\",\"position\":2,\"name\":\"La cabane de Clarans sur le GR\u00ae10 en cours de r\u00e9novation\"}]},{\"@type\":\"WebSite\",\"@id\":\"https:\\\/\\\/gr10.org\\\/#website\",\"url\":\"https:\\\/\\\/gr10.org\\\/\",\"name\":\"GR10 - La grande travers\u00e9e des Pyr\u00e9n\u00e9es\",\"description\":\"La grande aventure de la travers\u00e9e des Pyr\u00e9n\u00e9es via le gr10, vous en avez r\u00eav\u00e9? Alors, faite-la! Ce site vous aidera \u00e0 r\u00e9aliser votre aventure.\",\"potentialAction\":[{\"@type\":\"SearchAction\",\"target\":{\"@type\":\"EntryPoint\",\"urlTemplate\":\"https:\\\/\\\/gr10.org\\\/?s={search_term_string}\"},\"query-input\":{\"@type\":\"PropertyValueSpecification\",\"valueRequired\":true,\"valueName\":\"search_term_string\"}}],\"inLanguage\":\"fr-FR\"},{\"@type\":\"Person\",\"@id\":\"https:\\\/\\\/gr10.org\\\/#\\\/schema\\\/person\\\/bd9204e43e40f2148339e832cf7547f6\",\"name\":\"ERIC Chaigneau\",\"url\":\"https:\\\/\\\/gr10.org\\\/index.php\\\/author\\\/eric-chaigneau\\\/\"}]}<\/script>\n<!-- \/ Yoast SEO plugin. -->","yoast_head_json":{"title":"- La cabane de Clarans sur le GR\u00ae10 en cours de r\u00e9novation","description":"La cabane de Clarans sur le GR\u00ae10 en cours de r\u00e9novation. Un projet collectif pour offrir aux randonneurs un lieu convivial et accueillant.","robots":{"index":"index","follow":"follow","max-snippet":"max-snippet:-1","max-image-preview":"max-image-preview:large","max-video-preview":"max-video-preview:-1"},"canonical":"https:\/\/gr10.org\/index.php\/2023\/04\/08\/la-cabane-de-clarans-sur-le-gr-10-en-cours-de-renovation\/","og_locale":"fr_FR","og_type":"article","og_title":"- La cabane de Clarans sur le GR\u00ae10 en cours de r\u00e9novation","og_description":"La cabane de Clarans sur le GR\u00ae10 en cours de r\u00e9novation. Un projet collectif pour offrir aux randonneurs un lieu convivial et accueillant.","og_url":"https:\/\/gr10.org\/index.php\/2023\/04\/08\/la-cabane-de-clarans-sur-le-gr-10-en-cours-de-renovation\/","og_site_name":"GR10 - La grande travers\u00e9e des Pyr\u00e9n\u00e9es","article_published_time":"2023-04-08T12:33:45+00:00","article_modified_time":"2023-04-08T13:29:57+00:00","og_image":[{"width":1709,"height":2560,"url":"https:\/\/gr10.org\/wp-content\/uploads\/2023\/04\/Cabane-14-scaled.jpg","type":"image\/jpeg"}],"author":"ERIC Chaigneau","twitter_card":"summary_large_image","twitter_misc":{"\u00c9crit par":"ERIC Chaigneau","Dur\u00e9e de lecture estim\u00e9e":"1 minute"},"schema":{"@context":"https:\/\/schema.org","@graph":[{"@type":"Article","@id":"https:\/\/gr10.org\/index.php\/2023\/04\/08\/la-cabane-de-clarans-sur-le-gr-10-en-cours-de-renovation\/#article","isPartOf":{"@id":"https:\/\/gr10.org\/index.php\/2023\/04\/08\/la-cabane-de-clarans-sur-le-gr-10-en-cours-de-renovation\/"},"author":{"name":"ERIC Chaigneau","@id":"https:\/\/gr10.org\/#\/schema\/person\/bd9204e43e40f2148339e832cf7547f6"},"headline":"La cabane de Clarans sur le GR\u00ae10 en cours de r\u00e9novation","datePublished":"2023-04-08T12:33:45+00:00","dateModified":"2023-04-08T13:29:57+00:00","mainEntityOfPage":{"@id":"https:\/\/gr10.org\/index.php\/2023\/04\/08\/la-cabane-de-clarans-sur-le-gr-10-en-cours-de-renovation\/"},"wordCount":354,"commentCount":0,"image":{"@id":"https:\/\/gr10.org\/index.php\/2023\/04\/08\/la-cabane-de-clarans-sur-le-gr-10-en-cours-de-renovation\/#primaryimage"},"thumbnailUrl":"https:\/\/gr10.org\/wp-content\/uploads\/2023\/04\/Cabane-14-scaled.jpg","keywords":["Pyr\u00e9n\u00e9es Ari\u00e9geoises"],"articleSection":["Actu Info GR10"],"inLanguage":"fr-FR","potentialAction":[{"@type":"CommentAction","name":"Comment","target":["https:\/\/gr10.org\/index.php\/2023\/04\/08\/la-cabane-de-clarans-sur-le-gr-10-en-cours-de-renovation\/#respond"]}]},{"@type":"WebPage","@id":"https:\/\/gr10.org\/index.php\/2023\/04\/08\/la-cabane-de-clarans-sur-le-gr-10-en-cours-de-renovation\/","url":"https:\/\/gr10.org\/index.php\/2023\/04\/08\/la-cabane-de-clarans-sur-le-gr-10-en-cours-de-renovation\/","name":"- La cabane de Clarans sur le GR\u00ae10 en cours de r\u00e9novation","isPartOf":{"@id":"https:\/\/gr10.org\/#website"},"primaryImageOfPage":{"@id":"https:\/\/gr10.org\/index.php\/2023\/04\/08\/la-cabane-de-clarans-sur-le-gr-10-en-cours-de-renovation\/#primaryimage"},"image":{"@id":"https:\/\/gr10.org\/index.php\/2023\/04\/08\/la-cabane-de-clarans-sur-le-gr-10-en-cours-de-renovation\/#primaryimage"},"thumbnailUrl":"https:\/\/gr10.org\/wp-content\/uploads\/2023\/04\/Cabane-14-scaled.jpg","datePublished":"2023-04-08T12:33:45+00:00","dateModified":"2023-04-08T13:29:57+00:00","author":{"@id":"https:\/\/gr10.org\/#\/schema\/person\/bd9204e43e40f2148339e832cf7547f6"},"description":"La cabane de Clarans sur le GR\u00ae10 en cours de r\u00e9novation. Un projet collectif pour offrir aux randonneurs un lieu convivial et accueillant.","breadcrumb":{"@id":"https:\/\/gr10.org\/index.php\/2023\/04\/08\/la-cabane-de-clarans-sur-le-gr-10-en-cours-de-renovation\/#breadcrumb"},"inLanguage":"fr-FR","potentialAction":[{"@type":"ReadAction","target":["https:\/\/gr10.org\/index.php\/2023\/04\/08\/la-cabane-de-clarans-sur-le-gr-10-en-cours-de-renovation\/"]}]},{"@type":"ImageObject","inLanguage":"fr-FR","@id":"https:\/\/gr10.org\/index.php\/2023\/04\/08\/la-cabane-de-clarans-sur-le-gr-10-en-cours-de-renovation\/#primaryimage","url":"https:\/\/gr10.org\/wp-content\/uploads\/2023\/04\/Cabane-14-scaled.jpg","contentUrl":"https:\/\/gr10.org\/wp-content\/uploads\/2023\/04\/Cabane-14-scaled.jpg","width":1709,"height":2560,"caption":"R\u00e9novation de la cabane de Clarans sur le GR10 Photos Jean-Claude EMLINGER"},{"@type":"BreadcrumbList","@id":"https:\/\/gr10.org\/index.php\/2023\/04\/08\/la-cabane-de-clarans-sur-le-gr-10-en-cours-de-renovation\/#breadcrumb","itemListElement":[{"@type":"ListItem","position":1,"name":"Accueil","item":"https:\/\/gr10.org\/"},{"@type":"ListItem","position":2,"name":"La cabane de Clarans sur le GR\u00ae10 en cours de r\u00e9novation"}]},{"@type":"WebSite","@id":"https:\/\/gr10.org\/#website","url":"https:\/\/gr10.org\/","name":"GR10 - La grande travers\u00e9e des Pyr\u00e9n\u00e9es","description":"La grande aventure de la travers\u00e9e des Pyr\u00e9n\u00e9es via le gr10, vous en avez r\u00eav\u00e9? Alors, faite-la! Ce site vous aidera \u00e0 r\u00e9aliser votre aventure.","potentialAction":[{"@type":"SearchAction","target":{"@type":"EntryPoint","urlTemplate":"https:\/\/gr10.org\/?s={search_term_string}"},"query-input":{"@type":"PropertyValueSpecification","valueRequired":true,"valueName":"search_term_string"}}],"inLanguage":"fr-FR"},{"@type":"Person","@id":"https:\/\/gr10.org\/#\/schema\/person\/bd9204e43e40f2148339e832cf7547f6","name":"ERIC Chaigneau","url":"https:\/\/gr10.org\/index.php\/author\/eric-chaigneau\/"}]}},"_links":{"self":[{"href":"https:\/\/gr10.org\/index.php\/wp-json\/wp\/v2\/posts\/10467","targetHints":{"allow":["GET"]}}],"collection":[{"href":"https:\/\/gr10.org\/index.php\/wp-json\/wp\/v2\/posts"}],"about":[{"href":"https:\/\/gr10.org\/index.php\/wp-json\/wp\/v2\/types\/post"}],"author":[{"embeddable":true,"href":"https:\/\/gr10.org\/index.php\/wp-json\/wp\/v2\/users\/3"}],"replies":[{"embeddable":true,"href":"https:\/\/gr10.org\/index.php\/wp-json\/wp\/v2\/comments?post=10467"}],"version-history":[{"count":23,"href":"https:\/\/gr10.org\/index.php\/wp-json\/wp\/v2\/posts\/10467\/revisions"}],"predecessor-version":[{"id":10503,"href":"https:\/\/gr10.org\/index.php\/wp-json\/wp\/v2\/posts\/10467\/revisions\/10503"}],"wp:featuredmedia":[{"embeddable":true,"href":"https:\/\/gr10.org\/index.php\/wp-json\/wp\/v2\/media\/10483"}],"wp:attachment":[{"href":"https:\/\/gr10.org\/index.php\/wp-json\/wp\/v2\/media?parent=10467"}],"wp:term":[{"taxonomy":"category","embeddable":true,"href":"https:\/\/gr10.org\/index.php\/wp-json\/wp\/v2\/categories?post=10467"},{"taxonomy":"post_tag","embeddable":true,"href":"https:\/\/gr10.org\/index.php\/wp-json\/wp\/v2\/tags?post=10467"}],"curies":[{"name":"wp","href":"https:\/\/api.w.org\/{rel}","templated":true}]}}