{"id":10527,"date":"2023-04-16T09:56:50","date_gmt":"2023-04-16T07:56:50","guid":{"rendered":"https:\/\/gr10.org\/?p=10527"},"modified":"2023-04-16T10:14:01","modified_gmt":"2023-04-16T08:14:01","slug":"la-cabane-de-clarans-sur-le-gr10-est-en-cours-de-renovation","status":"publish","type":"post","link":"https:\/\/gr10.org\/index.php\/2023\/04\/16\/la-cabane-de-clarans-sur-le-gr10-est-en-cours-de-renovation\/","title":{"rendered":"La cabane de Clarans sur le GR\u00ae10 est en cours de r\u00e9novation"},"content":{"rendered":"\t\t<div data-elementor-type=\"wp-post\" data-elementor-id=\"10527\" class=\"elementor elementor-10527\" data-elementor-post-type=\"post\">\n\t\t\t\t\t\t<section class=\"elementor-section elementor-top-section elementor-element elementor-element-8fd265b elementor-section-boxed elementor-section-height-default elementor-section-height-default\" data-id=\"8fd265b\" data-element_type=\"section\" data-e-type=\"section\" data-settings=\"{&quot;background_background&quot;:&quot;classic&quot;}\">\n\t\t\t\t\t\t<div class=\"elementor-container elementor-column-gap-default\">\n\t\t\t\t\t<div class=\"elementor-column elementor-col-100 elementor-top-column elementor-element elementor-element-88f5ec7\" data-id=\"88f5ec7\" data-element_type=\"column\" data-e-type=\"column\" data-settings=\"{&quot;background_background&quot;:&quot;classic&quot;}\">\n\t\t\t<div class=\"elementor-widget-wrap elementor-element-populated\">\n\t\t\t\t\t\t<section class=\"elementor-section elementor-inner-section elementor-element elementor-element-fd5537b elementor-section-boxed elementor-section-height-default elementor-section-height-default\" data-id=\"fd5537b\" data-element_type=\"section\" data-e-type=\"section\">\n\t\t\t\t\t\t<div class=\"elementor-container elementor-column-gap-default\">\n\t\t\t\t\t<div class=\"elementor-column elementor-col-50 elementor-inner-column elementor-element elementor-element-5bc0f85\" data-id=\"5bc0f85\" data-element_type=\"column\" data-e-type=\"column\">\n\t\t\t<div class=\"elementor-widget-wrap elementor-element-populated\">\n\t\t\t\t\t\t<div class=\"elementor-element elementor-element-94a6fa6 elementor-widget elementor-widget-image\" data-id=\"94a6fa6\" data-element_type=\"widget\" data-e-type=\"widget\" data-widget_type=\"image.default\">\n\t\t\t\t<div class=\"elementor-widget-container\">\n\t\t\t\t\t\t\t\t\t\t\t\t\t\t\t<img decoding=\"async\" src=\"https:\/\/secure.gravatar.com\/avatar\/2e74938f71ec0dcef3b5054594356ebc730120b62e7d349eed99feca814999cf?s=96&#038;d=mm&#038;r=g\" title=\"\" alt=\"\" loading=\"lazy\" \/>\t\t\t\t\t\t\t\t\t\t\t\t\t\t\t<\/div>\n\t\t\t\t<\/div>\n\t\t\t\t\t<\/div>\n\t\t<\/div>\n\t\t\t\t<div class=\"elementor-column elementor-col-50 elementor-inner-column elementor-element elementor-element-cec0360\" data-id=\"cec0360\" data-element_type=\"column\" data-e-type=\"column\">\n\t\t\t<div class=\"elementor-widget-wrap elementor-element-populated\">\n\t\t\t\t\t\t<div class=\"elementor-element elementor-element-cf408b2 elementor-widget elementor-widget-text-editor\" data-id=\"cf408b2\" data-element_type=\"widget\" data-e-type=\"widget\" data-widget_type=\"text-editor.default\">\n\t\t\t\t<div class=\"elementor-widget-container\">\n\t\t\t\t\t\t\t\t\tERIC Chaigneau\t\t\t\t\t\t\t\t<\/div>\n\t\t\t\t<\/div>\n\t\t\t\t<div class=\"elementor-element elementor-element-c68c6e6 elementor-widget elementor-widget-text-editor\" data-id=\"c68c6e6\" data-element_type=\"widget\" data-e-type=\"widget\" data-widget_type=\"text-editor.default\">\n\t\t\t\t<div class=\"elementor-widget-container\">\n\t\t\t\t\t\t\t\t\t16 avril 2023\t\t\t\t\t\t\t\t<\/div>\n\t\t\t\t<\/div>\n\t\t\t\t\t<\/div>\n\t\t<\/div>\n\t\t\t\t\t<\/div>\n\t\t<\/section>\n\t\t\t\t<section class=\"elementor-section elementor-inner-section elementor-element elementor-element-f62fb77 elementor-section-full_width elementor-section-content-middle elementor-reverse-mobile elementor-section-height-min-height elementor-section-height-default\" data-id=\"f62fb77\" data-element_type=\"section\" data-e-type=\"section\" data-settings=\"{&quot;background_background&quot;:&quot;classic&quot;}\">\n\t\t\t\t\t\t<div class=\"elementor-container elementor-column-gap-default\">\n\t\t\t\t\t<div class=\"elementor-column elementor-col-50 elementor-inner-column elementor-element elementor-element-e3e0e36\" data-id=\"e3e0e36\" data-element_type=\"column\" data-e-type=\"column\">\n\t\t\t<div class=\"elementor-widget-wrap elementor-element-populated\">\n\t\t\t\t\t\t<div class=\"elementor-element elementor-element-4714157 elementor-widget elementor-widget-text-editor\" data-id=\"4714157\" data-element_type=\"widget\" data-e-type=\"widget\" data-widget_type=\"text-editor.default\">\n\t\t\t\t<div class=\"elementor-widget-container\">\n\t\t\t\t\t\t\t\t\t16 avril 2023\t\t\t\t\t\t\t\t<\/div>\n\t\t\t\t<\/div>\n\t\t\t\t<div class=\"elementor-element elementor-element-df39517 elementor-widget elementor-widget-heading\" data-id=\"df39517\" data-element_type=\"widget\" data-e-type=\"widget\" data-widget_type=\"heading.default\">\n\t\t\t\t<div class=\"elementor-widget-container\">\n\t\t\t\t\t<h3 class=\"elementor-heading-title elementor-size-default\">une belle initiative collective pour les randonneurs !<\/h3>\t\t\t\t<\/div>\n\t\t\t\t<\/div>\n\t\t\t\t<div class=\"elementor-element elementor-element-ac77bef elementor-widget elementor-widget-text-editor\" data-id=\"ac77bef\" data-element_type=\"widget\" data-e-type=\"widget\" data-widget_type=\"text-editor.default\">\n\t\t\t\t<div class=\"elementor-widget-container\">\n\t\t\t\t\t\t\t\t\t<p>La r\u00e9novation de la cabane de Clarans, situ\u00e9e sur le c\u00e9l\u00e8bre sentier de randonn\u00e9e GR\u00ae10, se poursuit avec succ\u00e8s et est en bonne voie pour offrir aux randonneurs un havre de paix et de repos.<br \/><br \/>Les travaux avancent rapidement, et plusieurs \u00e9l\u00e9ments importants sont en cours d&rsquo;installation. Les nouvelles fen\u00eatres sont actuellement en train d&rsquo;\u00eatre pos\u00e9es, permettant \u00e0 la cabane de b\u00e9n\u00e9ficier d&rsquo;une meilleure isolation.<br \/><br \/>Parall\u00e8lement \u00e0 l&rsquo;installation des fen\u00eatres, la toiture est \u00e9galement en cours de remplacement. Cette \u00e9tape cruciale garantira la durabilit\u00e9 et la r\u00e9sistance de la cabane face aux intemp\u00e9ries, tout en assurant une meilleure isolation thermique. Les randonneurs pourront ainsi profiter d&rsquo;un abri confortable et bien prot\u00e9g\u00e9, quelles que soient les conditions climatiques.<br \/><br \/>Enfin, les enduits ext\u00e9rieurs restent \u00e0 r\u00e9aliser. Cette \u00e9tape permettra de prot\u00e9ger les murs contre l&rsquo;humidit\u00e9 et d&rsquo;offrir un aspect esth\u00e9tique soign\u00e9 et accueillant \u00e0 la cabane. Une fois ces travaux termin\u00e9s, la cabane de Clarans sera pr\u00eate \u00e0 accueillir les randonneurs pour une exp\u00e9rience inoubliable en pleine nature.<br \/><br \/>Cette r\u00e9novation, fruit d&rsquo;une collaboration entre la FFRANDONNEE, le Comit\u00e9 de Randonn\u00e9e p\u00e9destre d&rsquo;Ari\u00e8ge (CDRP09), l&rsquo;association Amis GRdistes et de nombreux b\u00e9n\u00e9voles passionn\u00e9s, t\u00e9moigne de l&rsquo;importance accord\u00e9e \u00e0 la pr\u00e9servation et \u00e0 la valorisation des infrastructures de randonn\u00e9e.<br \/><br \/>Rendez-vous prochainement sur le GR\u00ae10 pour d\u00e9couvrir cette cabane r\u00e9nov\u00e9e et profiter pleinement de la beaut\u00e9 de la nature environnante. Nul doute que la cabane de Clarans, avec ses am\u00e9nagements neufs et confortables, deviendra rapidement un lieu de passage privil\u00e9gi\u00e9 pour les randonneurs parcourant le GR\u00ae10.<\/p>\t\t\t\t\t\t\t\t<\/div>\n\t\t\t\t<\/div>\n\t\t\t\t\t<\/div>\n\t\t<\/div>\n\t\t\t\t<div class=\"elementor-column elementor-col-50 elementor-inner-column elementor-element elementor-element-f3ca698\" data-id=\"f3ca698\" data-element_type=\"column\" data-e-type=\"column\" data-settings=\"{&quot;background_background&quot;:&quot;classic&quot;}\">\n\t\t\t<div class=\"elementor-widget-wrap elementor-element-populated\">\n\t\t\t\t\t\t<div class=\"elementor-element elementor-element-70895e3 elementor-widget elementor-widget-image\" data-id=\"70895e3\" data-element_type=\"widget\" data-e-type=\"widget\" data-widget_type=\"image.default\">\n\t\t\t\t<div class=\"elementor-widget-container\">\n\t\t\t\t\t\t\t\t\t\t\t\t<figure class=\"wp-caption\">\n\t\t\t\t\t\t\t\t\t\t<img fetchpriority=\"high\" decoding=\"async\" width=\"1024\" height=\"768\" src=\"https:\/\/gr10.org\/wp-content\/uploads\/2023\/04\/20230409_144349-1024x768.jpg\" class=\"attachment-large size-large wp-image-10528\" alt=\"R\u00e9novation de la cabane de Clarans sur le GR10\" srcset=\"https:\/\/gr10.org\/wp-content\/uploads\/2023\/04\/20230409_144349-1024x768.jpg 1024w, https:\/\/gr10.org\/wp-content\/uploads\/2023\/04\/20230409_144349-300x225.jpg 300w, https:\/\/gr10.org\/wp-content\/uploads\/2023\/04\/20230409_144349-768x576.jpg 768w, https:\/\/gr10.org\/wp-content\/uploads\/2023\/04\/20230409_144349-1536x1152.jpg 1536w, https:\/\/gr10.org\/wp-content\/uploads\/2023\/04\/20230409_144349-2048x1536.jpg 2048w\" sizes=\"(max-width: 1024px) 100vw, 1024px\" \/>\t\t\t\t\t\t\t\t\t\t\t<figcaption class=\"widget-image-caption wp-caption-text\">Photos : Eric CHAIGNEAU<\/figcaption>\n\t\t\t\t\t\t\t\t\t\t<\/figure>\n\t\t\t\t\t\t\t\t\t<\/div>\n\t\t\t\t<\/div>\n\t\t\t\t\t<\/div>\n\t\t<\/div>\n\t\t\t\t\t<\/div>\n\t\t<\/section>\n\t\t\t\t<section class=\"elementor-section elementor-inner-section elementor-element elementor-element-eb2eff0 elementor-section-full_width elementor-section-content-middle elementor-reverse-mobile elementor-section-height-min-height elementor-section-height-default\" data-id=\"eb2eff0\" data-element_type=\"section\" data-e-type=\"section\" data-settings=\"{&quot;background_background&quot;:&quot;classic&quot;}\">\n\t\t\t\t\t\t<div class=\"elementor-container elementor-column-gap-default\">\n\t\t\t\t\t<div class=\"elementor-column elementor-col-100 elementor-inner-column elementor-element elementor-element-39b9e8d\" data-id=\"39b9e8d\" data-element_type=\"column\" data-e-type=\"column\" data-settings=\"{&quot;background_background&quot;:&quot;classic&quot;}\">\n\t\t\t<div class=\"elementor-widget-wrap elementor-element-populated\">\n\t\t\t\t\t\t<div class=\"elementor-element elementor-element-69cf661 elementor-widget elementor-widget-gallery\" data-id=\"69cf661\" data-element_type=\"widget\" data-e-type=\"widget\" data-settings=\"{&quot;columns&quot;:3,&quot;gap&quot;:{&quot;unit&quot;:&quot;px&quot;,&quot;size&quot;:14,&quot;sizes&quot;:[]},&quot;lazyload&quot;:&quot;yes&quot;,&quot;gallery_layout&quot;:&quot;grid&quot;,&quot;columns_tablet&quot;:2,&quot;columns_mobile&quot;:1,&quot;gap_tablet&quot;:{&quot;unit&quot;:&quot;px&quot;,&quot;size&quot;:10,&quot;sizes&quot;:[]},&quot;gap_mobile&quot;:{&quot;unit&quot;:&quot;px&quot;,&quot;size&quot;:10,&quot;sizes&quot;:[]},&quot;link_to&quot;:&quot;file&quot;,&quot;aspect_ratio&quot;:&quot;3:2&quot;,&quot;overlay_background&quot;:&quot;yes&quot;,&quot;content_hover_animation&quot;:&quot;fade-in&quot;}\" data-widget_type=\"gallery.default\">\n\t\t\t\t<div class=\"elementor-widget-container\">\n\t\t\t\t\t\t\t<div class=\"elementor-gallery__container\">\n\t\t\t\t\t\t\t<a class=\"e-gallery-item elementor-gallery-item elementor-animated-content\" href=\"https:\/\/gr10.org\/wp-content\/uploads\/2023\/04\/20230409_144349-1-scaled.jpg\" data-elementor-open-lightbox=\"yes\" data-elementor-lightbox-slideshow=\"69cf661\" data-elementor-lightbox-title=\"R\u00e9novation de la cabane de Clarans\" data-e-action-hash=\"#elementor-action%3Aaction%3Dlightbox%26settings%3DeyJpZCI6MTA1MzAsInVybCI6Imh0dHBzOlwvXC9ncjEwLm9yZ1wvd3AtY29udGVudFwvdXBsb2Fkc1wvMjAyM1wvMDRcLzIwMjMwNDA5XzE0NDM0OS0xLXNjYWxlZC5qcGciLCJzbGlkZXNob3ciOiI2OWNmNjYxIn0%3D\">\n\t\t\t\t\t<div class=\"e-gallery-image elementor-gallery-item__image\" data-thumbnail=\"https:\/\/gr10.org\/wp-content\/uploads\/2023\/04\/20230409_144349-1-1024x768.jpg\" data-width=\"1024\" data-height=\"768\" aria-label=\"R\u00e9novation de la cabane de Clarans\" role=\"img\" ><\/div>\n\t\t\t\t\t\t\t\t\t\t\t<div class=\"elementor-gallery-item__overlay\"><\/div>\n\t\t\t\t\t\t\t\t\t\t\t\t\t\t<\/a>\n\t\t\t\t\t\t\t<a class=\"e-gallery-item elementor-gallery-item elementor-animated-content\" href=\"https:\/\/gr10.org\/wp-content\/uploads\/2023\/04\/20230409_150003-scaled.jpg\" data-elementor-open-lightbox=\"yes\" data-elementor-lightbox-slideshow=\"69cf661\" data-elementor-lightbox-title=\"R\u00e9novation de la cabane de Clarans\" data-e-action-hash=\"#elementor-action%3Aaction%3Dlightbox%26settings%3DeyJpZCI6MTA1MzEsInVybCI6Imh0dHBzOlwvXC9ncjEwLm9yZ1wvd3AtY29udGVudFwvdXBsb2Fkc1wvMjAyM1wvMDRcLzIwMjMwNDA5XzE1MDAwMy1zY2FsZWQuanBnIiwic2xpZGVzaG93IjoiNjljZjY2MSJ9\">\n\t\t\t\t\t<div class=\"e-gallery-image elementor-gallery-item__image\" data-thumbnail=\"https:\/\/gr10.org\/wp-content\/uploads\/2023\/04\/20230409_150003-1024x768.jpg\" data-width=\"1024\" data-height=\"768\" aria-label=\"R\u00e9novation de la cabane de Clarans\" role=\"img\" ><\/div>\n\t\t\t\t\t\t\t\t\t\t\t<div class=\"elementor-gallery-item__overlay\"><\/div>\n\t\t\t\t\t\t\t\t\t\t\t\t\t\t<\/a>\n\t\t\t\t\t\t\t<a class=\"e-gallery-item elementor-gallery-item elementor-animated-content\" href=\"https:\/\/gr10.org\/wp-content\/uploads\/2023\/04\/20230409_144704-scaled.jpg\" data-elementor-open-lightbox=\"yes\" data-elementor-lightbox-slideshow=\"69cf661\" data-elementor-lightbox-title=\"R\u00e9novation de la cabane de Clarans\" data-e-action-hash=\"#elementor-action%3Aaction%3Dlightbox%26settings%3DeyJpZCI6MTA1MzIsInVybCI6Imh0dHBzOlwvXC9ncjEwLm9yZ1wvd3AtY29udGVudFwvdXBsb2Fkc1wvMjAyM1wvMDRcLzIwMjMwNDA5XzE0NDcwNC1zY2FsZWQuanBnIiwic2xpZGVzaG93IjoiNjljZjY2MSJ9\">\n\t\t\t\t\t<div class=\"e-gallery-image elementor-gallery-item__image\" data-thumbnail=\"https:\/\/gr10.org\/wp-content\/uploads\/2023\/04\/20230409_144704-1024x768.jpg\" data-width=\"1024\" data-height=\"768\" aria-label=\"R\u00e9novation de la cabane de Clarans\" role=\"img\" ><\/div>\n\t\t\t\t\t\t\t\t\t\t\t<div class=\"elementor-gallery-item__overlay\"><\/div>\n\t\t\t\t\t\t\t\t\t\t\t\t\t\t<\/a>\n\t\t\t\t\t\t\t<a class=\"e-gallery-item elementor-gallery-item elementor-animated-content\" href=\"https:\/\/gr10.org\/wp-content\/uploads\/2023\/04\/20230409_144723-scaled.jpg\" data-elementor-open-lightbox=\"yes\" data-elementor-lightbox-slideshow=\"69cf661\" data-elementor-lightbox-title=\"R\u00e9novation de la cabane de Clarans\" data-e-action-hash=\"#elementor-action%3Aaction%3Dlightbox%26settings%3DeyJpZCI6MTA1MzMsInVybCI6Imh0dHBzOlwvXC9ncjEwLm9yZ1wvd3AtY29udGVudFwvdXBsb2Fkc1wvMjAyM1wvMDRcLzIwMjMwNDA5XzE0NDcyMy1zY2FsZWQuanBnIiwic2xpZGVzaG93IjoiNjljZjY2MSJ9\">\n\t\t\t\t\t<div class=\"e-gallery-image elementor-gallery-item__image\" data-thumbnail=\"https:\/\/gr10.org\/wp-content\/uploads\/2023\/04\/20230409_144723-1024x768.jpg\" data-width=\"1024\" data-height=\"768\" aria-label=\"R\u00e9novation de la cabane de Clarans\" role=\"img\" ><\/div>\n\t\t\t\t\t\t\t\t\t\t\t<div class=\"elementor-gallery-item__overlay\"><\/div>\n\t\t\t\t\t\t\t\t\t\t\t\t\t\t<\/a>\n\t\t\t\t\t\t\t<a class=\"e-gallery-item elementor-gallery-item elementor-animated-content\" href=\"https:\/\/gr10.org\/wp-content\/uploads\/2023\/04\/20230409_151234-scaled.jpg\" data-elementor-open-lightbox=\"yes\" data-elementor-lightbox-slideshow=\"69cf661\" data-elementor-lightbox-title=\"R\u00e9novation de la cabane de Clarans\" data-e-action-hash=\"#elementor-action%3Aaction%3Dlightbox%26settings%3DeyJpZCI6MTA1MzQsInVybCI6Imh0dHBzOlwvXC9ncjEwLm9yZ1wvd3AtY29udGVudFwvdXBsb2Fkc1wvMjAyM1wvMDRcLzIwMjMwNDA5XzE1MTIzNC1zY2FsZWQuanBnIiwic2xpZGVzaG93IjoiNjljZjY2MSJ9\">\n\t\t\t\t\t<div class=\"e-gallery-image elementor-gallery-item__image\" data-thumbnail=\"https:\/\/gr10.org\/wp-content\/uploads\/2023\/04\/20230409_151234-1024x768.jpg\" data-width=\"1024\" data-height=\"768\" aria-label=\"R\u00e9novation de la cabane de Clarans\" role=\"img\" ><\/div>\n\t\t\t\t\t\t\t\t\t\t\t<div class=\"elementor-gallery-item__overlay\"><\/div>\n\t\t\t\t\t\t\t\t\t\t\t\t\t\t<\/a>\n\t\t\t\t\t<\/div>\n\t\t\t\t\t<\/div>\n\t\t\t\t<\/div>\n\t\t\t\t\t<\/div>\n\t\t<\/div>\n\t\t\t\t\t<\/div>\n\t\t<\/section>\n\t\t\t\t<section class=\"elementor-section elementor-inner-section elementor-element elementor-element-2484fe6 elementor-section-full_width elementor-section-content-middle elementor-section-height-default elementor-section-height-default\" data-id=\"2484fe6\" data-element_type=\"section\" data-e-type=\"section\" data-settings=\"{&quot;background_background&quot;:&quot;classic&quot;}\">\n\t\t\t\t\t\t<div class=\"elementor-container elementor-column-gap-default\">\n\t\t\t\t\t<div class=\"elementor-column elementor-col-100 elementor-inner-column elementor-element elementor-element-1b9adf7\" data-id=\"1b9adf7\" data-element_type=\"column\" data-e-type=\"column\">\n\t\t\t<div class=\"elementor-widget-wrap elementor-element-populated\">\n\t\t\t\t\t\t<div class=\"elementor-element elementor-element-bba8f04 elementor-align-center elementor-widget__width-auto elementor-widget elementor-widget-button\" data-id=\"bba8f04\" data-element_type=\"widget\" data-e-type=\"widget\" data-widget_type=\"button.default\">\n\t\t\t\t<div class=\"elementor-widget-container\">\n\t\t\t\t\t\t\t\t\t<div class=\"elementor-button-wrapper\">\n\t\t\t\t\t<a class=\"elementor-button elementor-button-link elementor-size-xs\" href=\"https:\/\/gr10.org\/index.php\/les-dernieres-actualitees\/?preview_id=8526&#038;preview_nonce=8e933d49b1&#038;preview=true\">\n\t\t\t\t\t\t<span class=\"elementor-button-content-wrapper\">\n\t\t\t\t\t\t\t\t\t<span class=\"elementor-button-text\">Retour page des actualit\u00e9s<\/span>\n\t\t\t\t\t<\/span>\n\t\t\t\t\t<\/a>\n\t\t\t\t<\/div>\n\t\t\t\t\t\t\t\t<\/div>\n\t\t\t\t<\/div>\n\t\t\t\t\t<\/div>\n\t\t<\/div>\n\t\t\t\t\t<\/div>\n\t\t<\/section>\n\t\t\t\t\t<\/div>\n\t\t<\/div>\n\t\t\t\t\t<\/div>\n\t\t<\/section>\n\t\t\t\t<\/div>\n\t\t","protected":false},"excerpt":{"rendered":"<p>La r\u00e9novation de la cabane de Clarans, situ\u00e9e sur le GR\u00ae10, se poursuit avec succ\u00e8s et est en bonne voie pour offrir aux randonneurs un havre de paix et de repos. Les travaux avancent rapidement, et plusieurs \u00e9l\u00e9ments importants sont en cours d&rsquo;installation. Les nouvelles fen\u00eatres sont actuellement en train d&rsquo;\u00eatre pos\u00e9es, permettant \u00e0 la cabane de b\u00e9n\u00e9ficier d&rsquo;une meilleure isolation et d&rsquo;une vue imprenable sur les paysages montagneux environnants.<\/p>\n","protected":false},"author":3,"featured_media":10528,"comment_status":"open","ping_status":"open","sticky":false,"template":"","format":"standard","meta":{"_acf_changed":false,"_kad_post_transparent":"","_kad_post_title":"hide","_kad_post_layout":"right","_kad_post_sidebar_id":"sidebar-primary","_kad_post_content_style":"unboxed","_kad_post_vertical_padding":"hide","_kad_post_feature":"hide","_kad_post_feature_position":"","_kad_post_header":false,"_kad_post_footer":true,"footnotes":""},"categories":[35],"tags":[38],"class_list":["post-10527","post","type-post","status-publish","format-standard","has-post-thumbnail","hentry","category-actu-info-gr10","tag-pyrenees-ariegeoises"],"acf":[],"yoast_head":"<!-- This site is optimized with the Yoast SEO plugin v27.4 - https:\/\/yoast.com\/product\/yoast-seo-wordpress\/ -->\n<title>La cabane de Clarans sur le GR\u00ae10 est en cours de r\u00e9novation<\/title>\n<meta name=\"description\" content=\"La cabane de Clarans sur le GR\u00ae10 en cours de r\u00e9novation. Un projet collectif pour offrir aux randonneurs un lieu convivial et accueillant.\" \/>\n<meta name=\"robots\" content=\"index, follow, max-snippet:-1, max-image-preview:large, max-video-preview:-1\" \/>\n<link rel=\"canonical\" href=\"https:\/\/gr10.org\/index.php\/2023\/04\/16\/la-cabane-de-clarans-sur-le-gr10-est-en-cours-de-renovation\/\" \/>\n<meta property=\"og:locale\" content=\"fr_FR\" \/>\n<meta property=\"og:type\" content=\"article\" \/>\n<meta property=\"og:title\" content=\"La cabane de Clarans sur le GR\u00ae10 est en cours de r\u00e9novation\" \/>\n<meta property=\"og:description\" content=\"La cabane de Clarans sur le GR\u00ae10 en cours de r\u00e9novation. Un projet collectif pour offrir aux randonneurs un lieu convivial et accueillant.\" \/>\n<meta property=\"og:url\" content=\"https:\/\/gr10.org\/index.php\/2023\/04\/16\/la-cabane-de-clarans-sur-le-gr10-est-en-cours-de-renovation\/\" \/>\n<meta property=\"og:site_name\" content=\"GR10 - La grande travers\u00e9e des Pyr\u00e9n\u00e9es\" \/>\n<meta property=\"article:published_time\" content=\"2023-04-16T07:56:50+00:00\" \/>\n<meta property=\"article:modified_time\" content=\"2023-04-16T08:14:01+00:00\" \/>\n<meta property=\"og:image\" content=\"https:\/\/gr10.org\/wp-content\/uploads\/2023\/04\/20230409_144349-scaled.jpg\" \/>\n\t<meta property=\"og:image:width\" content=\"2560\" \/>\n\t<meta property=\"og:image:height\" content=\"1920\" \/>\n\t<meta property=\"og:image:type\" content=\"image\/jpeg\" \/>\n<meta name=\"author\" content=\"ERIC Chaigneau\" \/>\n<meta name=\"twitter:card\" content=\"summary_large_image\" \/>\n<meta name=\"twitter:label1\" content=\"\u00c9crit par\" \/>\n\t<meta name=\"twitter:data1\" content=\"ERIC Chaigneau\" \/>\n\t<meta name=\"twitter:label2\" content=\"Dur\u00e9e de lecture estim\u00e9e\" \/>\n\t<meta name=\"twitter:data2\" content=\"1 minute\" \/>\n<script type=\"application\/ld+json\" class=\"yoast-schema-graph\">{\"@context\":\"https:\\\/\\\/schema.org\",\"@graph\":[{\"@type\":\"Article\",\"@id\":\"https:\\\/\\\/gr10.org\\\/index.php\\\/2023\\\/04\\\/16\\\/la-cabane-de-clarans-sur-le-gr10-est-en-cours-de-renovation\\\/#article\",\"isPartOf\":{\"@id\":\"https:\\\/\\\/gr10.org\\\/index.php\\\/2023\\\/04\\\/16\\\/la-cabane-de-clarans-sur-le-gr10-est-en-cours-de-renovation\\\/\"},\"author\":{\"name\":\"ERIC Chaigneau\",\"@id\":\"https:\\\/\\\/gr10.org\\\/#\\\/schema\\\/person\\\/bd9204e43e40f2148339e832cf7547f6\"},\"headline\":\"La cabane de Clarans sur le GR\u00ae10 est en cours de r\u00e9novation\",\"datePublished\":\"2023-04-16T07:56:50+00:00\",\"dateModified\":\"2023-04-16T08:14:01+00:00\",\"mainEntityOfPage\":{\"@id\":\"https:\\\/\\\/gr10.org\\\/index.php\\\/2023\\\/04\\\/16\\\/la-cabane-de-clarans-sur-le-gr10-est-en-cours-de-renovation\\\/\"},\"wordCount\":318,\"commentCount\":0,\"image\":{\"@id\":\"https:\\\/\\\/gr10.org\\\/index.php\\\/2023\\\/04\\\/16\\\/la-cabane-de-clarans-sur-le-gr10-est-en-cours-de-renovation\\\/#primaryimage\"},\"thumbnailUrl\":\"https:\\\/\\\/gr10.org\\\/wp-content\\\/uploads\\\/2023\\\/04\\\/20230409_144349-scaled.jpg\",\"keywords\":[\"Pyr\u00e9n\u00e9es Ari\u00e9geoises\"],\"articleSection\":[\"Actu Info GR10\"],\"inLanguage\":\"fr-FR\",\"potentialAction\":[{\"@type\":\"CommentAction\",\"name\":\"Comment\",\"target\":[\"https:\\\/\\\/gr10.org\\\/index.php\\\/2023\\\/04\\\/16\\\/la-cabane-de-clarans-sur-le-gr10-est-en-cours-de-renovation\\\/#respond\"]}]},{\"@type\":\"WebPage\",\"@id\":\"https:\\\/\\\/gr10.org\\\/index.php\\\/2023\\\/04\\\/16\\\/la-cabane-de-clarans-sur-le-gr10-est-en-cours-de-renovation\\\/\",\"url\":\"https:\\\/\\\/gr10.org\\\/index.php\\\/2023\\\/04\\\/16\\\/la-cabane-de-clarans-sur-le-gr10-est-en-cours-de-renovation\\\/\",\"name\":\"La cabane de Clarans sur le GR\u00ae10 est en cours de r\u00e9novation\",\"isPartOf\":{\"@id\":\"https:\\\/\\\/gr10.org\\\/#website\"},\"primaryImageOfPage\":{\"@id\":\"https:\\\/\\\/gr10.org\\\/index.php\\\/2023\\\/04\\\/16\\\/la-cabane-de-clarans-sur-le-gr10-est-en-cours-de-renovation\\\/#primaryimage\"},\"image\":{\"@id\":\"https:\\\/\\\/gr10.org\\\/index.php\\\/2023\\\/04\\\/16\\\/la-cabane-de-clarans-sur-le-gr10-est-en-cours-de-renovation\\\/#primaryimage\"},\"thumbnailUrl\":\"https:\\\/\\\/gr10.org\\\/wp-content\\\/uploads\\\/2023\\\/04\\\/20230409_144349-scaled.jpg\",\"datePublished\":\"2023-04-16T07:56:50+00:00\",\"dateModified\":\"2023-04-16T08:14:01+00:00\",\"author\":{\"@id\":\"https:\\\/\\\/gr10.org\\\/#\\\/schema\\\/person\\\/bd9204e43e40f2148339e832cf7547f6\"},\"description\":\"La cabane de Clarans sur le GR\u00ae10 en cours de r\u00e9novation. Un projet collectif pour offrir aux randonneurs un lieu convivial et accueillant.\",\"breadcrumb\":{\"@id\":\"https:\\\/\\\/gr10.org\\\/index.php\\\/2023\\\/04\\\/16\\\/la-cabane-de-clarans-sur-le-gr10-est-en-cours-de-renovation\\\/#breadcrumb\"},\"inLanguage\":\"fr-FR\",\"potentialAction\":[{\"@type\":\"ReadAction\",\"target\":[\"https:\\\/\\\/gr10.org\\\/index.php\\\/2023\\\/04\\\/16\\\/la-cabane-de-clarans-sur-le-gr10-est-en-cours-de-renovation\\\/\"]}]},{\"@type\":\"ImageObject\",\"inLanguage\":\"fr-FR\",\"@id\":\"https:\\\/\\\/gr10.org\\\/index.php\\\/2023\\\/04\\\/16\\\/la-cabane-de-clarans-sur-le-gr10-est-en-cours-de-renovation\\\/#primaryimage\",\"url\":\"https:\\\/\\\/gr10.org\\\/wp-content\\\/uploads\\\/2023\\\/04\\\/20230409_144349-scaled.jpg\",\"contentUrl\":\"https:\\\/\\\/gr10.org\\\/wp-content\\\/uploads\\\/2023\\\/04\\\/20230409_144349-scaled.jpg\",\"width\":2560,\"height\":1920,\"caption\":\"R\u00e9novation de la cabane de Clarans sur le GR10\"},{\"@type\":\"BreadcrumbList\",\"@id\":\"https:\\\/\\\/gr10.org\\\/index.php\\\/2023\\\/04\\\/16\\\/la-cabane-de-clarans-sur-le-gr10-est-en-cours-de-renovation\\\/#breadcrumb\",\"itemListElement\":[{\"@type\":\"ListItem\",\"position\":1,\"name\":\"Accueil\",\"item\":\"https:\\\/\\\/gr10.org\\\/\"},{\"@type\":\"ListItem\",\"position\":2,\"name\":\"La cabane de Clarans sur le GR\u00ae10 est en cours de r\u00e9novation\"}]},{\"@type\":\"WebSite\",\"@id\":\"https:\\\/\\\/gr10.org\\\/#website\",\"url\":\"https:\\\/\\\/gr10.org\\\/\",\"name\":\"GR10 - La grande travers\u00e9e des Pyr\u00e9n\u00e9es\",\"description\":\"La grande aventure de la travers\u00e9e des Pyr\u00e9n\u00e9es via le gr10, vous en avez r\u00eav\u00e9? Alors, faite-la! Ce site vous aidera \u00e0 r\u00e9aliser votre aventure.\",\"potentialAction\":[{\"@type\":\"SearchAction\",\"target\":{\"@type\":\"EntryPoint\",\"urlTemplate\":\"https:\\\/\\\/gr10.org\\\/?s={search_term_string}\"},\"query-input\":{\"@type\":\"PropertyValueSpecification\",\"valueRequired\":true,\"valueName\":\"search_term_string\"}}],\"inLanguage\":\"fr-FR\"},{\"@type\":\"Person\",\"@id\":\"https:\\\/\\\/gr10.org\\\/#\\\/schema\\\/person\\\/bd9204e43e40f2148339e832cf7547f6\",\"name\":\"ERIC Chaigneau\",\"url\":\"https:\\\/\\\/gr10.org\\\/index.php\\\/author\\\/eric-chaigneau\\\/\"}]}<\/script>\n<!-- \/ Yoast SEO plugin. -->","yoast_head_json":{"title":"La cabane de Clarans sur le GR\u00ae10 est en cours de r\u00e9novation","description":"La cabane de Clarans sur le GR\u00ae10 en cours de r\u00e9novation. Un projet collectif pour offrir aux randonneurs un lieu convivial et accueillant.","robots":{"index":"index","follow":"follow","max-snippet":"max-snippet:-1","max-image-preview":"max-image-preview:large","max-video-preview":"max-video-preview:-1"},"canonical":"https:\/\/gr10.org\/index.php\/2023\/04\/16\/la-cabane-de-clarans-sur-le-gr10-est-en-cours-de-renovation\/","og_locale":"fr_FR","og_type":"article","og_title":"La cabane de Clarans sur le GR\u00ae10 est en cours de r\u00e9novation","og_description":"La cabane de Clarans sur le GR\u00ae10 en cours de r\u00e9novation. Un projet collectif pour offrir aux randonneurs un lieu convivial et accueillant.","og_url":"https:\/\/gr10.org\/index.php\/2023\/04\/16\/la-cabane-de-clarans-sur-le-gr10-est-en-cours-de-renovation\/","og_site_name":"GR10 - La grande travers\u00e9e des Pyr\u00e9n\u00e9es","article_published_time":"2023-04-16T07:56:50+00:00","article_modified_time":"2023-04-16T08:14:01+00:00","og_image":[{"width":2560,"height":1920,"url":"https:\/\/gr10.org\/wp-content\/uploads\/2023\/04\/20230409_144349-scaled.jpg","type":"image\/jpeg"}],"author":"ERIC Chaigneau","twitter_card":"summary_large_image","twitter_misc":{"\u00c9crit par":"ERIC Chaigneau","Dur\u00e9e de lecture estim\u00e9e":"1 minute"},"schema":{"@context":"https:\/\/schema.org","@graph":[{"@type":"Article","@id":"https:\/\/gr10.org\/index.php\/2023\/04\/16\/la-cabane-de-clarans-sur-le-gr10-est-en-cours-de-renovation\/#article","isPartOf":{"@id":"https:\/\/gr10.org\/index.php\/2023\/04\/16\/la-cabane-de-clarans-sur-le-gr10-est-en-cours-de-renovation\/"},"author":{"name":"ERIC Chaigneau","@id":"https:\/\/gr10.org\/#\/schema\/person\/bd9204e43e40f2148339e832cf7547f6"},"headline":"La cabane de Clarans sur le GR\u00ae10 est en cours de r\u00e9novation","datePublished":"2023-04-16T07:56:50+00:00","dateModified":"2023-04-16T08:14:01+00:00","mainEntityOfPage":{"@id":"https:\/\/gr10.org\/index.php\/2023\/04\/16\/la-cabane-de-clarans-sur-le-gr10-est-en-cours-de-renovation\/"},"wordCount":318,"commentCount":0,"image":{"@id":"https:\/\/gr10.org\/index.php\/2023\/04\/16\/la-cabane-de-clarans-sur-le-gr10-est-en-cours-de-renovation\/#primaryimage"},"thumbnailUrl":"https:\/\/gr10.org\/wp-content\/uploads\/2023\/04\/20230409_144349-scaled.jpg","keywords":["Pyr\u00e9n\u00e9es Ari\u00e9geoises"],"articleSection":["Actu Info GR10"],"inLanguage":"fr-FR","potentialAction":[{"@type":"CommentAction","name":"Comment","target":["https:\/\/gr10.org\/index.php\/2023\/04\/16\/la-cabane-de-clarans-sur-le-gr10-est-en-cours-de-renovation\/#respond"]}]},{"@type":"WebPage","@id":"https:\/\/gr10.org\/index.php\/2023\/04\/16\/la-cabane-de-clarans-sur-le-gr10-est-en-cours-de-renovation\/","url":"https:\/\/gr10.org\/index.php\/2023\/04\/16\/la-cabane-de-clarans-sur-le-gr10-est-en-cours-de-renovation\/","name":"La cabane de Clarans sur le GR\u00ae10 est en cours de r\u00e9novation","isPartOf":{"@id":"https:\/\/gr10.org\/#website"},"primaryImageOfPage":{"@id":"https:\/\/gr10.org\/index.php\/2023\/04\/16\/la-cabane-de-clarans-sur-le-gr10-est-en-cours-de-renovation\/#primaryimage"},"image":{"@id":"https:\/\/gr10.org\/index.php\/2023\/04\/16\/la-cabane-de-clarans-sur-le-gr10-est-en-cours-de-renovation\/#primaryimage"},"thumbnailUrl":"https:\/\/gr10.org\/wp-content\/uploads\/2023\/04\/20230409_144349-scaled.jpg","datePublished":"2023-04-16T07:56:50+00:00","dateModified":"2023-04-16T08:14:01+00:00","author":{"@id":"https:\/\/gr10.org\/#\/schema\/person\/bd9204e43e40f2148339e832cf7547f6"},"description":"La cabane de Clarans sur le GR\u00ae10 en cours de r\u00e9novation. Un projet collectif pour offrir aux randonneurs un lieu convivial et accueillant.","breadcrumb":{"@id":"https:\/\/gr10.org\/index.php\/2023\/04\/16\/la-cabane-de-clarans-sur-le-gr10-est-en-cours-de-renovation\/#breadcrumb"},"inLanguage":"fr-FR","potentialAction":[{"@type":"ReadAction","target":["https:\/\/gr10.org\/index.php\/2023\/04\/16\/la-cabane-de-clarans-sur-le-gr10-est-en-cours-de-renovation\/"]}]},{"@type":"ImageObject","inLanguage":"fr-FR","@id":"https:\/\/gr10.org\/index.php\/2023\/04\/16\/la-cabane-de-clarans-sur-le-gr10-est-en-cours-de-renovation\/#primaryimage","url":"https:\/\/gr10.org\/wp-content\/uploads\/2023\/04\/20230409_144349-scaled.jpg","contentUrl":"https:\/\/gr10.org\/wp-content\/uploads\/2023\/04\/20230409_144349-scaled.jpg","width":2560,"height":1920,"caption":"R\u00e9novation de la cabane de Clarans sur le GR10"},{"@type":"BreadcrumbList","@id":"https:\/\/gr10.org\/index.php\/2023\/04\/16\/la-cabane-de-clarans-sur-le-gr10-est-en-cours-de-renovation\/#breadcrumb","itemListElement":[{"@type":"ListItem","position":1,"name":"Accueil","item":"https:\/\/gr10.org\/"},{"@type":"ListItem","position":2,"name":"La cabane de Clarans sur le GR\u00ae10 est en cours de r\u00e9novation"}]},{"@type":"WebSite","@id":"https:\/\/gr10.org\/#website","url":"https:\/\/gr10.org\/","name":"GR10 - La grande travers\u00e9e des Pyr\u00e9n\u00e9es","description":"La grande aventure de la travers\u00e9e des Pyr\u00e9n\u00e9es via le gr10, vous en avez r\u00eav\u00e9? Alors, faite-la! Ce site vous aidera \u00e0 r\u00e9aliser votre aventure.","potentialAction":[{"@type":"SearchAction","target":{"@type":"EntryPoint","urlTemplate":"https:\/\/gr10.org\/?s={search_term_string}"},"query-input":{"@type":"PropertyValueSpecification","valueRequired":true,"valueName":"search_term_string"}}],"inLanguage":"fr-FR"},{"@type":"Person","@id":"https:\/\/gr10.org\/#\/schema\/person\/bd9204e43e40f2148339e832cf7547f6","name":"ERIC Chaigneau","url":"https:\/\/gr10.org\/index.php\/author\/eric-chaigneau\/"}]}},"_links":{"self":[{"href":"https:\/\/gr10.org\/index.php\/wp-json\/wp\/v2\/posts\/10527","targetHints":{"allow":["GET"]}}],"collection":[{"href":"https:\/\/gr10.org\/index.php\/wp-json\/wp\/v2\/posts"}],"about":[{"href":"https:\/\/gr10.org\/index.php\/wp-json\/wp\/v2\/types\/post"}],"author":[{"embeddable":true,"href":"https:\/\/gr10.org\/index.php\/wp-json\/wp\/v2\/users\/3"}],"replies":[{"embeddable":true,"href":"https:\/\/gr10.org\/index.php\/wp-json\/wp\/v2\/comments?post=10527"}],"version-history":[{"count":7,"href":"https:\/\/gr10.org\/index.php\/wp-json\/wp\/v2\/posts\/10527\/revisions"}],"predecessor-version":[{"id":10540,"href":"https:\/\/gr10.org\/index.php\/wp-json\/wp\/v2\/posts\/10527\/revisions\/10540"}],"wp:featuredmedia":[{"embeddable":true,"href":"https:\/\/gr10.org\/index.php\/wp-json\/wp\/v2\/media\/10528"}],"wp:attachment":[{"href":"https:\/\/gr10.org\/index.php\/wp-json\/wp\/v2\/media?parent=10527"}],"wp:term":[{"taxonomy":"category","embeddable":true,"href":"https:\/\/gr10.org\/index.php\/wp-json\/wp\/v2\/categories?post=10527"},{"taxonomy":"post_tag","embeddable":true,"href":"https:\/\/gr10.org\/index.php\/wp-json\/wp\/v2\/tags?post=10527"}],"curies":[{"name":"wp","href":"https:\/\/api.w.org\/{rel}","templated":true}]}}