{"id":14083,"date":"2025-01-11T10:44:58","date_gmt":"2025-01-11T09:44:58","guid":{"rendered":"https:\/\/gr10.org\/?p=14083"},"modified":"2025-01-11T10:55:49","modified_gmt":"2025-01-11T09:55:49","slug":"fermeture-du-refuge-des-oulettes-de-gaube-en-2025-pour-travaux-majeurs","status":"publish","type":"post","link":"https:\/\/gr10.org\/index.php\/2025\/01\/11\/fermeture-du-refuge-des-oulettes-de-gaube-en-2025-pour-travaux-majeurs\/","title":{"rendered":"Fermeture du refuge des Oulettes de Gaube en 2025 pour travaux majeurs"},"content":{"rendered":"\t\t<div data-elementor-type=\"wp-post\" data-elementor-id=\"14083\" class=\"elementor elementor-14083\" data-elementor-post-type=\"post\">\n\t\t\t\t\t\t<section class=\"elementor-section elementor-top-section elementor-element elementor-element-8fd265b elementor-section-boxed elementor-section-height-default elementor-section-height-default\" data-id=\"8fd265b\" data-element_type=\"section\" data-e-type=\"section\" data-settings=\"{&quot;background_background&quot;:&quot;classic&quot;}\">\n\t\t\t\t\t\t<div class=\"elementor-container elementor-column-gap-default\">\n\t\t\t\t\t<div class=\"elementor-column elementor-col-100 elementor-top-column elementor-element elementor-element-88f5ec7\" data-id=\"88f5ec7\" data-element_type=\"column\" data-e-type=\"column\" data-settings=\"{&quot;background_background&quot;:&quot;classic&quot;}\">\n\t\t\t<div class=\"elementor-widget-wrap elementor-element-populated\">\n\t\t\t\t\t\t<section class=\"elementor-section elementor-inner-section elementor-element elementor-element-fd5537b elementor-section-boxed elementor-section-height-default elementor-section-height-default\" data-id=\"fd5537b\" data-element_type=\"section\" data-e-type=\"section\">\n\t\t\t\t\t\t<div class=\"elementor-container elementor-column-gap-default\">\n\t\t\t\t\t<div class=\"elementor-column elementor-col-50 elementor-inner-column elementor-element elementor-element-5bc0f85\" data-id=\"5bc0f85\" data-element_type=\"column\" data-e-type=\"column\">\n\t\t\t<div class=\"elementor-widget-wrap elementor-element-populated\">\n\t\t\t\t\t\t<div class=\"elementor-element elementor-element-94a6fa6 elementor-widget elementor-widget-image\" data-id=\"94a6fa6\" data-element_type=\"widget\" data-e-type=\"widget\" data-widget_type=\"image.default\">\n\t\t\t\t<div class=\"elementor-widget-container\">\n\t\t\t\t\t\t\t\t\t\t\t\t\t\t\t<img decoding=\"async\" src=\"https:\/\/secure.gravatar.com\/avatar\/2e74938f71ec0dcef3b5054594356ebc730120b62e7d349eed99feca814999cf?s=96&#038;d=mm&#038;r=g\" title=\"\" alt=\"\" loading=\"lazy\" \/>\t\t\t\t\t\t\t\t\t\t\t\t\t\t\t<\/div>\n\t\t\t\t<\/div>\n\t\t\t\t\t<\/div>\n\t\t<\/div>\n\t\t\t\t<div class=\"elementor-column elementor-col-50 elementor-inner-column elementor-element elementor-element-cec0360\" data-id=\"cec0360\" data-element_type=\"column\" data-e-type=\"column\">\n\t\t\t<div class=\"elementor-widget-wrap elementor-element-populated\">\n\t\t\t\t\t\t<div class=\"elementor-element elementor-element-cf408b2 elementor-widget elementor-widget-text-editor\" data-id=\"cf408b2\" data-element_type=\"widget\" data-e-type=\"widget\" data-widget_type=\"text-editor.default\">\n\t\t\t\t<div class=\"elementor-widget-container\">\n\t\t\t\t\t\t\t\t\tERIC Chaigneau\t\t\t\t\t\t\t\t<\/div>\n\t\t\t\t<\/div>\n\t\t\t\t<div class=\"elementor-element elementor-element-c68c6e6 elementor-widget elementor-widget-text-editor\" data-id=\"c68c6e6\" data-element_type=\"widget\" data-e-type=\"widget\" data-widget_type=\"text-editor.default\">\n\t\t\t\t<div class=\"elementor-widget-container\">\n\t\t\t\t\t\t\t\t\t11 janvier 2025\t\t\t\t\t\t\t\t<\/div>\n\t\t\t\t<\/div>\n\t\t\t\t\t<\/div>\n\t\t<\/div>\n\t\t\t\t\t<\/div>\n\t\t<\/section>\n\t\t\t\t<section class=\"elementor-section elementor-inner-section elementor-element elementor-element-f62fb77 elementor-section-full_width elementor-section-content-middle elementor-reverse-mobile elementor-section-height-min-height elementor-section-height-default\" data-id=\"f62fb77\" data-element_type=\"section\" data-e-type=\"section\" data-settings=\"{&quot;background_background&quot;:&quot;classic&quot;}\">\n\t\t\t\t\t\t<div class=\"elementor-container elementor-column-gap-default\">\n\t\t\t\t\t<div class=\"elementor-column elementor-col-100 elementor-inner-column elementor-element elementor-element-e3e0e36\" data-id=\"e3e0e36\" data-element_type=\"column\" data-e-type=\"column\">\n\t\t\t<div class=\"elementor-widget-wrap elementor-element-populated\">\n\t\t\t\t\t\t<div class=\"elementor-element elementor-element-4714157 elementor-widget elementor-widget-text-editor\" data-id=\"4714157\" data-element_type=\"widget\" data-e-type=\"widget\" data-widget_type=\"text-editor.default\">\n\t\t\t\t<div class=\"elementor-widget-container\">\n\t\t\t\t\t\t\t\t\t11 janvier 2025\t\t\t\t\t\t\t\t<\/div>\n\t\t\t\t<\/div>\n\t\t\t\t<div class=\"elementor-element elementor-element-ac77bef elementor-widget elementor-widget-text-editor\" data-id=\"ac77bef\" data-element_type=\"widget\" data-e-type=\"widget\" data-widget_type=\"text-editor.default\">\n\t\t\t\t<div class=\"elementor-widget-container\">\n\t\t\t\t\t\t\t\t\t<p><strong>Randonneurs du GR10, prenez note !<\/strong> Cet \u00e9t\u00e9 2025, le refuge embl\u00e9matique des Oulettes de Gaube sera ferm\u00e9 pour d&rsquo;importants travaux d&rsquo;am\u00e9lioration. Ces travaux visent \u00e0 moderniser cette \u00e9tape pris\u00e9e, situ\u00e9e dans un cadre majestueux au pied du Vignemale.<br \/><br \/>Au programme des r\u00e9novations, une extension pour l\u2019installation de toilettes s\u00e8ches, un atout \u00e9cologique pour pr\u00e9server cet environnement unique. Des travaux d\u2019isolation et d\u2019am\u00e9lioration des conditions de vie des gardiens sont \u00e9galement pr\u00e9vus, afin de rendre le refuge plus confortable et fonctionnel pour tous.<br \/><br \/><strong>Fermeture compl\u00e8te tout l\u2019\u00e9t\u00e9 2025<br \/><br \/><\/strong>Pour permettre la r\u00e9alisation de ces travaux, <strong>le refuge sera ferm\u00e9 au public durant toute la saison estivale 2025<\/strong>. <br \/><br \/>Aucune r\u00e9servation ne sera possible, et aucun abri ou sanitaire ne sera laiss\u00e9 \u00e0 disposition. Il est donc essentiel de pr\u00e9voir des solutions alternatives pour votre passage dans ce secteur.<br \/><br \/><strong>Bonnes nouvelles pour cet hiver !<\/strong><br \/>Avant la fermeture estivale, le refuge sera gard\u00e9 et accessible cet hiver, <strong>du 28 f\u00e9vrier au 11 mai 2025<\/strong>. Profitez de cette p\u00e9riode pour d\u00e9couvrir ou red\u00e9couvrir les Oulettes de Gaube sous leur manteau hivernal.<\/p>\t\t\t\t\t\t\t\t<\/div>\n\t\t\t\t<\/div>\n\t\t\t\t<div class=\"elementor-element elementor-element-70895e3 elementor-widget elementor-widget-image\" data-id=\"70895e3\" data-element_type=\"widget\" data-e-type=\"widget\" data-widget_type=\"image.default\">\n\t\t\t\t<div class=\"elementor-widget-container\">\n\t\t\t\t\t\t\t\t\t\t\t\t\t\t\t<img fetchpriority=\"high\" decoding=\"async\" width=\"477\" height=\"214\" src=\"https:\/\/gr10.org\/wp-content\/uploads\/2022\/02\/refuge-detape-des-Oulettes-de-Gaube.jpg\" class=\"attachment-large size-large wp-image-1474\" alt=\"refuge d&#039;\u00e9tape des Oulettes de Gaube\" srcset=\"https:\/\/gr10.org\/wp-content\/uploads\/2022\/02\/refuge-detape-des-Oulettes-de-Gaube.jpg 477w, https:\/\/gr10.org\/wp-content\/uploads\/2022\/02\/refuge-detape-des-Oulettes-de-Gaube-300x135.jpg 300w\" sizes=\"(max-width: 477px) 100vw, 477px\" \/>\t\t\t\t\t\t\t\t\t\t\t\t\t\t\t<\/div>\n\t\t\t\t<\/div>\n\t\t\t\t<div class=\"elementor-element elementor-element-3881dc7 elementor-widget elementor-widget-text-editor\" data-id=\"3881dc7\" data-element_type=\"widget\" data-e-type=\"widget\" data-widget_type=\"text-editor.default\">\n\t\t\t\t<div class=\"elementor-widget-container\">\n\t\t\t\t\t\t\t\t\t<p><br \/>Modifiez vos \u00e9tapes \u00e0 partir de ces dossiers de pr\u00e9paration :\u00a0<\/p><p><blockquote class=\"wp-embedded-content\" data-secret=\"D8y14AjzxH\"><a href=\"https:\/\/gr10.org\/index.php\/topographie-gr10\/\">Topographie du GR10<\/a><\/blockquote><iframe class=\"wp-embedded-content\" sandbox=\"allow-scripts\" security=\"restricted\" style=\"position: absolute; visibility: hidden;\" title=\"\u00ab\u00a0Topographie du GR10\u00a0\u00bb &#8212; GR10 - La grande travers\u00e9e des Pyr\u00e9n\u00e9es\" src=\"https:\/\/gr10.org\/index.php\/topographie-gr10\/embed\/#?secret=iZhZt284vB#?secret=D8y14AjzxH\" data-secret=\"D8y14AjzxH\" width=\"600\" height=\"338\" frameborder=\"0\" marginwidth=\"0\" marginheight=\"0\" scrolling=\"no\"><\/iframe><\/p><p><blockquote class=\"wp-embedded-content\" data-secret=\"UivtDWDbXx\"><a href=\"https:\/\/gr10.org\/index.php\/les-etapes-du-gr10\/\">Les \u00e9tapes du GR10<\/a><\/blockquote><iframe class=\"wp-embedded-content\" sandbox=\"allow-scripts\" security=\"restricted\" style=\"position: absolute; visibility: hidden;\" title=\"\u00ab\u00a0Les \u00e9tapes du GR10\u00a0\u00bb &#8212; GR10 - La grande travers\u00e9e des Pyr\u00e9n\u00e9es\" src=\"https:\/\/gr10.org\/index.php\/les-etapes-du-gr10\/embed\/#?secret=fjv7hYzha0#?secret=UivtDWDbXx\" data-secret=\"UivtDWDbXx\" width=\"600\" height=\"338\" frameborder=\"0\" marginwidth=\"0\" marginheight=\"0\" scrolling=\"no\"><\/iframe><\/p><p>\u00a0<\/p>\t\t\t\t\t\t\t\t<\/div>\n\t\t\t\t<\/div>\n\t\t\t\t\t<\/div>\n\t\t<\/div>\n\t\t\t\t\t<\/div>\n\t\t<\/section>\n\t\t\t\t<section class=\"elementor-section elementor-inner-section elementor-element elementor-element-2484fe6 elementor-section-full_width elementor-section-content-middle elementor-section-height-default elementor-section-height-default\" data-id=\"2484fe6\" data-element_type=\"section\" data-e-type=\"section\" data-settings=\"{&quot;background_background&quot;:&quot;classic&quot;}\">\n\t\t\t\t\t\t<div class=\"elementor-container elementor-column-gap-default\">\n\t\t\t\t\t<div class=\"elementor-column elementor-col-100 elementor-inner-column elementor-element elementor-element-1b9adf7\" data-id=\"1b9adf7\" data-element_type=\"column\" data-e-type=\"column\">\n\t\t\t<div class=\"elementor-widget-wrap elementor-element-populated\">\n\t\t\t\t\t\t<div class=\"elementor-element elementor-element-bba8f04 elementor-align-center elementor-widget__width-auto elementor-widget elementor-widget-button\" data-id=\"bba8f04\" data-element_type=\"widget\" data-e-type=\"widget\" data-widget_type=\"button.default\">\n\t\t\t\t<div class=\"elementor-widget-container\">\n\t\t\t\t\t\t\t\t\t<div class=\"elementor-button-wrapper\">\n\t\t\t\t\t<a class=\"elementor-button elementor-button-link elementor-size-xs\" href=\"https:\/\/gr10.org\/index.php\/les-dernieres-actualitees\/?preview_id=8526&#038;preview_nonce=8e933d49b1&#038;preview=true\">\n\t\t\t\t\t\t<span class=\"elementor-button-content-wrapper\">\n\t\t\t\t\t\t\t\t\t<span class=\"elementor-button-text\">Retour page des actualit\u00e9s<\/span>\n\t\t\t\t\t<\/span>\n\t\t\t\t\t<\/a>\n\t\t\t\t<\/div>\n\t\t\t\t\t\t\t\t<\/div>\n\t\t\t\t<\/div>\n\t\t\t\t\t<\/div>\n\t\t<\/div>\n\t\t\t\t\t<\/div>\n\t\t<\/section>\n\t\t\t\t\t<\/div>\n\t\t<\/div>\n\t\t\t\t\t<\/div>\n\t\t<\/section>\n\t\t\t\t<\/div>\n\t\t","protected":false},"excerpt":{"rendered":"<p>Randonneurs du GR10, prenez note ! Cet \u00e9t\u00e9 2025, le refuge embl\u00e9matique des Oulettes de Gaube sera ferm\u00e9 pour d&rsquo;importants travaux d&rsquo;am\u00e9lioration. Ces travaux visent \u00e0 moderniser cette \u00e9tape pris\u00e9e, situ\u00e9e dans un cadre majestueux au pied du Vignemale. Au programme des r\u00e9novations, une extension pour l\u2019installation de toilettes s\u00e8ches, un atout \u00e9cologique pour pr\u00e9server&#8230;<\/p>\n","protected":false},"author":3,"featured_media":1474,"comment_status":"open","ping_status":"open","sticky":false,"template":"","format":"standard","meta":{"_acf_changed":false,"_kad_post_transparent":"","_kad_post_title":"hide","_kad_post_layout":"right","_kad_post_sidebar_id":"sidebar-primary","_kad_post_content_style":"unboxed","_kad_post_vertical_padding":"hide","_kad_post_feature":"hide","_kad_post_feature_position":"","_kad_post_header":false,"_kad_post_footer":true,"footnotes":""},"categories":[35],"tags":[37],"class_list":["post-14083","post","type-post","status-publish","format-standard","has-post-thumbnail","hentry","category-actu-info-gr10","tag-pyrenees-centrales"],"acf":[],"yoast_head":"<!-- This site is optimized with the Yoast SEO plugin v27.4 - https:\/\/yoast.com\/product\/yoast-seo-wordpress\/ -->\n<title>Actu Info GR10 - Fermeture du refuge des Oulettes de Gaube en 2025 pour travaux majeurs<\/title>\n<meta name=\"description\" content=\"Fermeture estivale 2025 du refuge des Oulettes de Gaube pour travaux majeurs. Pr\u00e9parez votre itin\u00e9raire GR10 avec nos infos pratiques !\" \/>\n<meta name=\"robots\" content=\"index, follow, max-snippet:-1, max-image-preview:large, max-video-preview:-1\" \/>\n<link rel=\"canonical\" href=\"https:\/\/gr10.org\/index.php\/2025\/01\/11\/fermeture-du-refuge-des-oulettes-de-gaube-en-2025-pour-travaux-majeurs\/\" \/>\n<meta property=\"og:locale\" content=\"fr_FR\" \/>\n<meta property=\"og:type\" content=\"article\" \/>\n<meta property=\"og:title\" content=\"Actu Info GR10 - Fermeture du refuge des Oulettes de Gaube en 2025 pour travaux majeurs\" \/>\n<meta property=\"og:description\" content=\"Fermeture estivale 2025 du refuge des Oulettes de Gaube pour travaux majeurs. Pr\u00e9parez votre itin\u00e9raire GR10 avec nos infos pratiques !\" \/>\n<meta property=\"og:url\" content=\"https:\/\/gr10.org\/index.php\/2025\/01\/11\/fermeture-du-refuge-des-oulettes-de-gaube-en-2025-pour-travaux-majeurs\/\" \/>\n<meta property=\"og:site_name\" content=\"GR10 - La grande travers\u00e9e des Pyr\u00e9n\u00e9es\" \/>\n<meta property=\"article:published_time\" content=\"2025-01-11T09:44:58+00:00\" \/>\n<meta property=\"article:modified_time\" content=\"2025-01-11T09:55:49+00:00\" \/>\n<meta property=\"og:image\" content=\"https:\/\/gr10.org\/wp-content\/uploads\/2022\/02\/refuge-detape-des-Oulettes-de-Gaube.jpg\" \/>\n\t<meta property=\"og:image:width\" content=\"477\" \/>\n\t<meta property=\"og:image:height\" content=\"214\" \/>\n\t<meta property=\"og:image:type\" content=\"image\/jpeg\" \/>\n<meta name=\"author\" content=\"ERIC Chaigneau\" \/>\n<meta name=\"twitter:card\" content=\"summary_large_image\" \/>\n<meta name=\"twitter:label1\" content=\"\u00c9crit par\" \/>\n\t<meta name=\"twitter:data1\" content=\"ERIC Chaigneau\" \/>\n\t<meta name=\"twitter:label2\" content=\"Dur\u00e9e de lecture estim\u00e9e\" \/>\n\t<meta name=\"twitter:data2\" content=\"1 minute\" \/>\n<script type=\"application\/ld+json\" class=\"yoast-schema-graph\">{\"@context\":\"https:\\\/\\\/schema.org\",\"@graph\":[{\"@type\":\"Article\",\"@id\":\"https:\\\/\\\/gr10.org\\\/index.php\\\/2025\\\/01\\\/11\\\/fermeture-du-refuge-des-oulettes-de-gaube-en-2025-pour-travaux-majeurs\\\/#article\",\"isPartOf\":{\"@id\":\"https:\\\/\\\/gr10.org\\\/index.php\\\/2025\\\/01\\\/11\\\/fermeture-du-refuge-des-oulettes-de-gaube-en-2025-pour-travaux-majeurs\\\/\"},\"author\":{\"name\":\"ERIC Chaigneau\",\"@id\":\"https:\\\/\\\/gr10.org\\\/#\\\/schema\\\/person\\\/bd9204e43e40f2148339e832cf7547f6\"},\"headline\":\"Fermeture du refuge des Oulettes de Gaube en 2025 pour travaux majeurs\",\"datePublished\":\"2025-01-11T09:44:58+00:00\",\"dateModified\":\"2025-01-11T09:55:49+00:00\",\"mainEntityOfPage\":{\"@id\":\"https:\\\/\\\/gr10.org\\\/index.php\\\/2025\\\/01\\\/11\\\/fermeture-du-refuge-des-oulettes-de-gaube-en-2025-pour-travaux-majeurs\\\/\"},\"wordCount\":229,\"commentCount\":0,\"image\":{\"@id\":\"https:\\\/\\\/gr10.org\\\/index.php\\\/2025\\\/01\\\/11\\\/fermeture-du-refuge-des-oulettes-de-gaube-en-2025-pour-travaux-majeurs\\\/#primaryimage\"},\"thumbnailUrl\":\"https:\\\/\\\/gr10.org\\\/wp-content\\\/uploads\\\/2022\\\/02\\\/refuge-detape-des-Oulettes-de-Gaube.jpg\",\"keywords\":[\"Pyr\u00e9n\u00e9es Centrales\"],\"articleSection\":[\"Actu Info GR10\"],\"inLanguage\":\"fr-FR\",\"potentialAction\":[{\"@type\":\"CommentAction\",\"name\":\"Comment\",\"target\":[\"https:\\\/\\\/gr10.org\\\/index.php\\\/2025\\\/01\\\/11\\\/fermeture-du-refuge-des-oulettes-de-gaube-en-2025-pour-travaux-majeurs\\\/#respond\"]}]},{\"@type\":\"WebPage\",\"@id\":\"https:\\\/\\\/gr10.org\\\/index.php\\\/2025\\\/01\\\/11\\\/fermeture-du-refuge-des-oulettes-de-gaube-en-2025-pour-travaux-majeurs\\\/\",\"url\":\"https:\\\/\\\/gr10.org\\\/index.php\\\/2025\\\/01\\\/11\\\/fermeture-du-refuge-des-oulettes-de-gaube-en-2025-pour-travaux-majeurs\\\/\",\"name\":\"Actu Info GR10 - Fermeture du refuge des Oulettes de Gaube en 2025 pour travaux majeurs\",\"isPartOf\":{\"@id\":\"https:\\\/\\\/gr10.org\\\/#website\"},\"primaryImageOfPage\":{\"@id\":\"https:\\\/\\\/gr10.org\\\/index.php\\\/2025\\\/01\\\/11\\\/fermeture-du-refuge-des-oulettes-de-gaube-en-2025-pour-travaux-majeurs\\\/#primaryimage\"},\"image\":{\"@id\":\"https:\\\/\\\/gr10.org\\\/index.php\\\/2025\\\/01\\\/11\\\/fermeture-du-refuge-des-oulettes-de-gaube-en-2025-pour-travaux-majeurs\\\/#primaryimage\"},\"thumbnailUrl\":\"https:\\\/\\\/gr10.org\\\/wp-content\\\/uploads\\\/2022\\\/02\\\/refuge-detape-des-Oulettes-de-Gaube.jpg\",\"datePublished\":\"2025-01-11T09:44:58+00:00\",\"dateModified\":\"2025-01-11T09:55:49+00:00\",\"author\":{\"@id\":\"https:\\\/\\\/gr10.org\\\/#\\\/schema\\\/person\\\/bd9204e43e40f2148339e832cf7547f6\"},\"description\":\"Fermeture estivale 2025 du refuge des Oulettes de Gaube pour travaux majeurs. Pr\u00e9parez votre itin\u00e9raire GR10 avec nos infos pratiques !\",\"breadcrumb\":{\"@id\":\"https:\\\/\\\/gr10.org\\\/index.php\\\/2025\\\/01\\\/11\\\/fermeture-du-refuge-des-oulettes-de-gaube-en-2025-pour-travaux-majeurs\\\/#breadcrumb\"},\"inLanguage\":\"fr-FR\",\"potentialAction\":[{\"@type\":\"ReadAction\",\"target\":[\"https:\\\/\\\/gr10.org\\\/index.php\\\/2025\\\/01\\\/11\\\/fermeture-du-refuge-des-oulettes-de-gaube-en-2025-pour-travaux-majeurs\\\/\"]}]},{\"@type\":\"ImageObject\",\"inLanguage\":\"fr-FR\",\"@id\":\"https:\\\/\\\/gr10.org\\\/index.php\\\/2025\\\/01\\\/11\\\/fermeture-du-refuge-des-oulettes-de-gaube-en-2025-pour-travaux-majeurs\\\/#primaryimage\",\"url\":\"https:\\\/\\\/gr10.org\\\/wp-content\\\/uploads\\\/2022\\\/02\\\/refuge-detape-des-Oulettes-de-Gaube.jpg\",\"contentUrl\":\"https:\\\/\\\/gr10.org\\\/wp-content\\\/uploads\\\/2022\\\/02\\\/refuge-detape-des-Oulettes-de-Gaube.jpg\",\"width\":477,\"height\":214,\"caption\":\"refuge d'\u00e9tape des Oulettes de Gaube\"},{\"@type\":\"BreadcrumbList\",\"@id\":\"https:\\\/\\\/gr10.org\\\/index.php\\\/2025\\\/01\\\/11\\\/fermeture-du-refuge-des-oulettes-de-gaube-en-2025-pour-travaux-majeurs\\\/#breadcrumb\",\"itemListElement\":[{\"@type\":\"ListItem\",\"position\":1,\"name\":\"Accueil\",\"item\":\"https:\\\/\\\/gr10.org\\\/\"},{\"@type\":\"ListItem\",\"position\":2,\"name\":\"Fermeture du refuge des Oulettes de Gaube en 2025 pour travaux majeurs\"}]},{\"@type\":\"WebSite\",\"@id\":\"https:\\\/\\\/gr10.org\\\/#website\",\"url\":\"https:\\\/\\\/gr10.org\\\/\",\"name\":\"GR10 - La grande travers\u00e9e des Pyr\u00e9n\u00e9es\",\"description\":\"La grande aventure de la travers\u00e9e des Pyr\u00e9n\u00e9es via le gr10, vous en avez r\u00eav\u00e9? Alors, faite-la! Ce site vous aidera \u00e0 r\u00e9aliser votre aventure.\",\"potentialAction\":[{\"@type\":\"SearchAction\",\"target\":{\"@type\":\"EntryPoint\",\"urlTemplate\":\"https:\\\/\\\/gr10.org\\\/?s={search_term_string}\"},\"query-input\":{\"@type\":\"PropertyValueSpecification\",\"valueRequired\":true,\"valueName\":\"search_term_string\"}}],\"inLanguage\":\"fr-FR\"},{\"@type\":\"Person\",\"@id\":\"https:\\\/\\\/gr10.org\\\/#\\\/schema\\\/person\\\/bd9204e43e40f2148339e832cf7547f6\",\"name\":\"ERIC Chaigneau\",\"url\":\"https:\\\/\\\/gr10.org\\\/index.php\\\/author\\\/eric-chaigneau\\\/\"}]}<\/script>\n<!-- \/ Yoast SEO plugin. -->","yoast_head_json":{"title":"Actu Info GR10 - Fermeture du refuge des Oulettes de Gaube en 2025 pour travaux majeurs","description":"Fermeture estivale 2025 du refuge des Oulettes de Gaube pour travaux majeurs. Pr\u00e9parez votre itin\u00e9raire GR10 avec nos infos pratiques !","robots":{"index":"index","follow":"follow","max-snippet":"max-snippet:-1","max-image-preview":"max-image-preview:large","max-video-preview":"max-video-preview:-1"},"canonical":"https:\/\/gr10.org\/index.php\/2025\/01\/11\/fermeture-du-refuge-des-oulettes-de-gaube-en-2025-pour-travaux-majeurs\/","og_locale":"fr_FR","og_type":"article","og_title":"Actu Info GR10 - Fermeture du refuge des Oulettes de Gaube en 2025 pour travaux majeurs","og_description":"Fermeture estivale 2025 du refuge des Oulettes de Gaube pour travaux majeurs. Pr\u00e9parez votre itin\u00e9raire GR10 avec nos infos pratiques !","og_url":"https:\/\/gr10.org\/index.php\/2025\/01\/11\/fermeture-du-refuge-des-oulettes-de-gaube-en-2025-pour-travaux-majeurs\/","og_site_name":"GR10 - La grande travers\u00e9e des Pyr\u00e9n\u00e9es","article_published_time":"2025-01-11T09:44:58+00:00","article_modified_time":"2025-01-11T09:55:49+00:00","og_image":[{"width":477,"height":214,"url":"https:\/\/gr10.org\/wp-content\/uploads\/2022\/02\/refuge-detape-des-Oulettes-de-Gaube.jpg","type":"image\/jpeg"}],"author":"ERIC Chaigneau","twitter_card":"summary_large_image","twitter_misc":{"\u00c9crit par":"ERIC Chaigneau","Dur\u00e9e de lecture estim\u00e9e":"1 minute"},"schema":{"@context":"https:\/\/schema.org","@graph":[{"@type":"Article","@id":"https:\/\/gr10.org\/index.php\/2025\/01\/11\/fermeture-du-refuge-des-oulettes-de-gaube-en-2025-pour-travaux-majeurs\/#article","isPartOf":{"@id":"https:\/\/gr10.org\/index.php\/2025\/01\/11\/fermeture-du-refuge-des-oulettes-de-gaube-en-2025-pour-travaux-majeurs\/"},"author":{"name":"ERIC Chaigneau","@id":"https:\/\/gr10.org\/#\/schema\/person\/bd9204e43e40f2148339e832cf7547f6"},"headline":"Fermeture du refuge des Oulettes de Gaube en 2025 pour travaux majeurs","datePublished":"2025-01-11T09:44:58+00:00","dateModified":"2025-01-11T09:55:49+00:00","mainEntityOfPage":{"@id":"https:\/\/gr10.org\/index.php\/2025\/01\/11\/fermeture-du-refuge-des-oulettes-de-gaube-en-2025-pour-travaux-majeurs\/"},"wordCount":229,"commentCount":0,"image":{"@id":"https:\/\/gr10.org\/index.php\/2025\/01\/11\/fermeture-du-refuge-des-oulettes-de-gaube-en-2025-pour-travaux-majeurs\/#primaryimage"},"thumbnailUrl":"https:\/\/gr10.org\/wp-content\/uploads\/2022\/02\/refuge-detape-des-Oulettes-de-Gaube.jpg","keywords":["Pyr\u00e9n\u00e9es Centrales"],"articleSection":["Actu Info GR10"],"inLanguage":"fr-FR","potentialAction":[{"@type":"CommentAction","name":"Comment","target":["https:\/\/gr10.org\/index.php\/2025\/01\/11\/fermeture-du-refuge-des-oulettes-de-gaube-en-2025-pour-travaux-majeurs\/#respond"]}]},{"@type":"WebPage","@id":"https:\/\/gr10.org\/index.php\/2025\/01\/11\/fermeture-du-refuge-des-oulettes-de-gaube-en-2025-pour-travaux-majeurs\/","url":"https:\/\/gr10.org\/index.php\/2025\/01\/11\/fermeture-du-refuge-des-oulettes-de-gaube-en-2025-pour-travaux-majeurs\/","name":"Actu Info GR10 - Fermeture du refuge des Oulettes de Gaube en 2025 pour travaux majeurs","isPartOf":{"@id":"https:\/\/gr10.org\/#website"},"primaryImageOfPage":{"@id":"https:\/\/gr10.org\/index.php\/2025\/01\/11\/fermeture-du-refuge-des-oulettes-de-gaube-en-2025-pour-travaux-majeurs\/#primaryimage"},"image":{"@id":"https:\/\/gr10.org\/index.php\/2025\/01\/11\/fermeture-du-refuge-des-oulettes-de-gaube-en-2025-pour-travaux-majeurs\/#primaryimage"},"thumbnailUrl":"https:\/\/gr10.org\/wp-content\/uploads\/2022\/02\/refuge-detape-des-Oulettes-de-Gaube.jpg","datePublished":"2025-01-11T09:44:58+00:00","dateModified":"2025-01-11T09:55:49+00:00","author":{"@id":"https:\/\/gr10.org\/#\/schema\/person\/bd9204e43e40f2148339e832cf7547f6"},"description":"Fermeture estivale 2025 du refuge des Oulettes de Gaube pour travaux majeurs. Pr\u00e9parez votre itin\u00e9raire GR10 avec nos infos pratiques !","breadcrumb":{"@id":"https:\/\/gr10.org\/index.php\/2025\/01\/11\/fermeture-du-refuge-des-oulettes-de-gaube-en-2025-pour-travaux-majeurs\/#breadcrumb"},"inLanguage":"fr-FR","potentialAction":[{"@type":"ReadAction","target":["https:\/\/gr10.org\/index.php\/2025\/01\/11\/fermeture-du-refuge-des-oulettes-de-gaube-en-2025-pour-travaux-majeurs\/"]}]},{"@type":"ImageObject","inLanguage":"fr-FR","@id":"https:\/\/gr10.org\/index.php\/2025\/01\/11\/fermeture-du-refuge-des-oulettes-de-gaube-en-2025-pour-travaux-majeurs\/#primaryimage","url":"https:\/\/gr10.org\/wp-content\/uploads\/2022\/02\/refuge-detape-des-Oulettes-de-Gaube.jpg","contentUrl":"https:\/\/gr10.org\/wp-content\/uploads\/2022\/02\/refuge-detape-des-Oulettes-de-Gaube.jpg","width":477,"height":214,"caption":"refuge d'\u00e9tape des Oulettes de Gaube"},{"@type":"BreadcrumbList","@id":"https:\/\/gr10.org\/index.php\/2025\/01\/11\/fermeture-du-refuge-des-oulettes-de-gaube-en-2025-pour-travaux-majeurs\/#breadcrumb","itemListElement":[{"@type":"ListItem","position":1,"name":"Accueil","item":"https:\/\/gr10.org\/"},{"@type":"ListItem","position":2,"name":"Fermeture du refuge des Oulettes de Gaube en 2025 pour travaux majeurs"}]},{"@type":"WebSite","@id":"https:\/\/gr10.org\/#website","url":"https:\/\/gr10.org\/","name":"GR10 - La grande travers\u00e9e des Pyr\u00e9n\u00e9es","description":"La grande aventure de la travers\u00e9e des Pyr\u00e9n\u00e9es via le gr10, vous en avez r\u00eav\u00e9? Alors, faite-la! Ce site vous aidera \u00e0 r\u00e9aliser votre aventure.","potentialAction":[{"@type":"SearchAction","target":{"@type":"EntryPoint","urlTemplate":"https:\/\/gr10.org\/?s={search_term_string}"},"query-input":{"@type":"PropertyValueSpecification","valueRequired":true,"valueName":"search_term_string"}}],"inLanguage":"fr-FR"},{"@type":"Person","@id":"https:\/\/gr10.org\/#\/schema\/person\/bd9204e43e40f2148339e832cf7547f6","name":"ERIC Chaigneau","url":"https:\/\/gr10.org\/index.php\/author\/eric-chaigneau\/"}]}},"_links":{"self":[{"href":"https:\/\/gr10.org\/index.php\/wp-json\/wp\/v2\/posts\/14083","targetHints":{"allow":["GET"]}}],"collection":[{"href":"https:\/\/gr10.org\/index.php\/wp-json\/wp\/v2\/posts"}],"about":[{"href":"https:\/\/gr10.org\/index.php\/wp-json\/wp\/v2\/types\/post"}],"author":[{"embeddable":true,"href":"https:\/\/gr10.org\/index.php\/wp-json\/wp\/v2\/users\/3"}],"replies":[{"embeddable":true,"href":"https:\/\/gr10.org\/index.php\/wp-json\/wp\/v2\/comments?post=14083"}],"version-history":[{"count":10,"href":"https:\/\/gr10.org\/index.php\/wp-json\/wp\/v2\/posts\/14083\/revisions"}],"predecessor-version":[{"id":14097,"href":"https:\/\/gr10.org\/index.php\/wp-json\/wp\/v2\/posts\/14083\/revisions\/14097"}],"wp:featuredmedia":[{"embeddable":true,"href":"https:\/\/gr10.org\/index.php\/wp-json\/wp\/v2\/media\/1474"}],"wp:attachment":[{"href":"https:\/\/gr10.org\/index.php\/wp-json\/wp\/v2\/media?parent=14083"}],"wp:term":[{"taxonomy":"category","embeddable":true,"href":"https:\/\/gr10.org\/index.php\/wp-json\/wp\/v2\/categories?post=14083"},{"taxonomy":"post_tag","embeddable":true,"href":"https:\/\/gr10.org\/index.php\/wp-json\/wp\/v2\/tags?post=14083"}],"curies":[{"name":"wp","href":"https:\/\/api.w.org\/{rel}","templated":true}]}}