{"id":14346,"date":"2025-05-16T08:06:57","date_gmt":"2025-05-16T06:06:57","guid":{"rendered":"https:\/\/gr10.org\/?p=14346"},"modified":"2025-05-16T08:14:48","modified_gmt":"2025-05-16T06:14:48","slug":"avis-de-mise-a-disposition-dun-batiment-communal-a-bonac-irazein","status":"publish","type":"post","link":"https:\/\/gr10.org\/index.php\/2025\/05\/16\/avis-de-mise-a-disposition-dun-batiment-communal-a-bonac-irazein\/","title":{"rendered":"Avis de mise \u00e0 disposition d\u2019un b\u00e2timent communal \u00e0 Bonac-Irazein"},"content":{"rendered":"\t\t<div data-elementor-type=\"wp-post\" data-elementor-id=\"14346\" class=\"elementor elementor-14346\" data-elementor-post-type=\"post\">\n\t\t\t\t\t\t<section class=\"elementor-section elementor-top-section elementor-element elementor-element-8fd265b elementor-section-boxed elementor-section-height-default elementor-section-height-default\" data-id=\"8fd265b\" data-element_type=\"section\" data-e-type=\"section\" data-settings=\"{&quot;background_background&quot;:&quot;classic&quot;}\">\n\t\t\t\t\t\t<div class=\"elementor-container elementor-column-gap-default\">\n\t\t\t\t\t<div class=\"elementor-column elementor-col-100 elementor-top-column elementor-element elementor-element-88f5ec7\" data-id=\"88f5ec7\" data-element_type=\"column\" data-e-type=\"column\" data-settings=\"{&quot;background_background&quot;:&quot;classic&quot;}\">\n\t\t\t<div class=\"elementor-widget-wrap elementor-element-populated\">\n\t\t\t\t\t\t<section class=\"elementor-section elementor-inner-section elementor-element elementor-element-fd5537b elementor-section-boxed elementor-section-height-default elementor-section-height-default\" data-id=\"fd5537b\" data-element_type=\"section\" data-e-type=\"section\">\n\t\t\t\t\t\t<div class=\"elementor-container elementor-column-gap-default\">\n\t\t\t\t\t<div class=\"elementor-column elementor-col-50 elementor-inner-column elementor-element elementor-element-5bc0f85\" data-id=\"5bc0f85\" data-element_type=\"column\" data-e-type=\"column\">\n\t\t\t<div class=\"elementor-widget-wrap elementor-element-populated\">\n\t\t\t\t\t\t<div class=\"elementor-element elementor-element-94a6fa6 elementor-widget elementor-widget-image\" data-id=\"94a6fa6\" data-element_type=\"widget\" data-e-type=\"widget\" data-widget_type=\"image.default\">\n\t\t\t\t<div class=\"elementor-widget-container\">\n\t\t\t\t\t\t\t\t\t\t\t\t\t\t\t<img decoding=\"async\" src=\"https:\/\/secure.gravatar.com\/avatar\/2e74938f71ec0dcef3b5054594356ebc730120b62e7d349eed99feca814999cf?s=96&#038;d=mm&#038;r=g\" title=\"\" alt=\"\" loading=\"lazy\" \/>\t\t\t\t\t\t\t\t\t\t\t\t\t\t\t<\/div>\n\t\t\t\t<\/div>\n\t\t\t\t\t<\/div>\n\t\t<\/div>\n\t\t\t\t<div class=\"elementor-column elementor-col-50 elementor-inner-column elementor-element elementor-element-cec0360\" data-id=\"cec0360\" data-element_type=\"column\" data-e-type=\"column\">\n\t\t\t<div class=\"elementor-widget-wrap elementor-element-populated\">\n\t\t\t\t\t\t<div class=\"elementor-element elementor-element-cf408b2 elementor-widget elementor-widget-text-editor\" data-id=\"cf408b2\" data-element_type=\"widget\" data-e-type=\"widget\" data-widget_type=\"text-editor.default\">\n\t\t\t\t<div class=\"elementor-widget-container\">\n\t\t\t\t\t\t\t\t\tERIC Chaigneau\t\t\t\t\t\t\t\t<\/div>\n\t\t\t\t<\/div>\n\t\t\t\t<div class=\"elementor-element elementor-element-c68c6e6 elementor-widget elementor-widget-text-editor\" data-id=\"c68c6e6\" data-element_type=\"widget\" data-e-type=\"widget\" data-widget_type=\"text-editor.default\">\n\t\t\t\t<div class=\"elementor-widget-container\">\n\t\t\t\t\t\t\t\t\t16 mai 2025\t\t\t\t\t\t\t\t<\/div>\n\t\t\t\t<\/div>\n\t\t\t\t\t<\/div>\n\t\t<\/div>\n\t\t\t\t\t<\/div>\n\t\t<\/section>\n\t\t\t\t<section class=\"elementor-section elementor-inner-section elementor-element elementor-element-f62fb77 elementor-section-full_width elementor-section-content-middle elementor-reverse-mobile elementor-section-height-min-height elementor-section-height-default\" data-id=\"f62fb77\" data-element_type=\"section\" data-e-type=\"section\" data-settings=\"{&quot;background_background&quot;:&quot;classic&quot;}\">\n\t\t\t\t\t\t<div class=\"elementor-container elementor-column-gap-default\">\n\t\t\t\t\t<div class=\"elementor-column elementor-col-50 elementor-inner-column elementor-element elementor-element-e3e0e36\" data-id=\"e3e0e36\" data-element_type=\"column\" data-e-type=\"column\">\n\t\t\t<div class=\"elementor-widget-wrap elementor-element-populated\">\n\t\t\t\t\t\t<div class=\"elementor-element elementor-element-4714157 elementor-widget elementor-widget-text-editor\" data-id=\"4714157\" data-element_type=\"widget\" data-e-type=\"widget\" data-widget_type=\"text-editor.default\">\n\t\t\t\t<div class=\"elementor-widget-container\">\n\t\t\t\t\t\t\t\t\t16 mai 2025\t\t\t\t\t\t\t\t<\/div>\n\t\t\t\t<\/div>\n\t\t\t\t<div class=\"elementor-element elementor-element-ac77bef elementor-widget elementor-widget-text-editor\" data-id=\"ac77bef\" data-element_type=\"widget\" data-e-type=\"widget\" data-widget_type=\"text-editor.default\">\n\t\t\t\t<div class=\"elementor-widget-container\">\n\t\t\t\t\t\t\t\t\t<p class=\"\" data-start=\"213\" data-end=\"433\">La commune de <strong data-start=\"227\" data-end=\"244\">Bonac-Irazein<\/strong> met \u00e0 disposition un b\u00e2timent pour le d\u00e9veloppement d\u2019une activit\u00e9 polyvalente autour de la <strong data-start=\"337\" data-end=\"353\">restauration<\/strong>, de l\u2019<strong data-start=\"360\" data-end=\"375\">h\u00e9bergement<\/strong>, de l\u2019<strong data-start=\"382\" data-end=\"408\">accueil de randonneurs<\/strong>, ainsi que d\u2019un <strong data-start=\"425\" data-end=\"432\">bar<\/strong>.<\/p><p>Ce futur \u00e9tablissement accueillera \u00e9galement une <strong data-start=\"484\" data-end=\"495\">laverie<\/strong> et une <strong data-start=\"503\" data-end=\"534\">biblioth\u00e8que en libre acc\u00e8s<\/strong>, ouvertes au public pendant les horaires d\u2019ouverture de la structure.<\/p><p>\ud83d\udccc <strong data-start=\"609\" data-end=\"624\">\u00c0 pr\u00e9voir :<\/strong><\/p><ul data-start=\"627\" data-end=\"819\"><li class=\"\" data-start=\"627\" data-end=\"741\"><p class=\"\" data-start=\"629\" data-end=\"741\">L\u2019\u00e9quipement sp\u00e9cifique pour l\u2019activit\u00e9 de restauration et d\u2019h\u00e9bergement est \u00e0 la charge du porteur de projet.<\/p><\/li><li class=\"\" data-start=\"742\" data-end=\"819\"><p class=\"\" data-start=\"744\" data-end=\"819\">L\u2019\u00e9quipement de la laverie et de la biblioth\u00e8que sera fourni par la mairie.<\/p><\/li><\/ul><p class=\"\" data-start=\"744\" data-end=\"819\">\ud83c\udfde\ufe0f Situ\u00e9 dans le <strong data-start=\"839\" data-end=\"870\">Couserans (vall\u00e9e du Biros)<\/strong>, le b\u00e2timent b\u00e9n\u00e9ficie d\u2019un emplacement privil\u00e9gi\u00e9 :<\/p><ul data-start=\"924\" data-end=\"1100\"><li class=\"\" data-start=\"924\" data-end=\"952\"><p class=\"\" data-start=\"926\" data-end=\"952\">\u00c0 proximit\u00e9 du <strong data-start=\"941\" data-end=\"949\">GR10<\/strong>,<\/p><\/li><li class=\"\" data-start=\"953\" data-end=\"1041\"><p class=\"\" data-start=\"955\" data-end=\"1041\">Sur les itin\u00e9raires du <strong data-start=\"978\" data-end=\"999\">GRP Tour du Biros<\/strong>, du <strong data-start=\"1004\" data-end=\"1038\">Tour du Val de Sos (Pass\u2019Aran)<\/strong>,<\/p><\/li><li class=\"\" data-start=\"1042\" data-end=\"1100\"><p class=\"\" data-start=\"1044\" data-end=\"1100\">Et du <strong data-start=\"1050\" data-end=\"1099\">Grand Tour VTT &#8211; Travers\u00e9e du Couserans Ouest<\/strong>.<\/p><\/li><\/ul><p class=\"\" data-start=\"1102\" data-end=\"1215\">\ud83d\udcec <strong data-start=\"1105\" data-end=\"1138\">Renseignements et modalit\u00e9s :<\/strong><br data-start=\"1138\" data-end=\"1141\" \/>Contacter la mairie de Bonac-Irazein par mail :<br \/><br \/><strong data-start=\"1189\" data-end=\"1215\"><a class=\"cursor-pointer\" href=\"mailto:bonacirazein@orange.fr\" rel=\"noopener\" data-start=\"1191\" data-end=\"1213\">bonacirazein@orange.fr<br \/><\/a><\/strong>42.877351 , 0.973927<br \/><br \/>5 Carraou Del Loup<br \/>09800 Bonac-Irazein<br \/><span id=\"reverse-geocoding-alti-label\">Altitude :\u00a0<\/span><span id=\"reverse-geocoding-alti-value\">712.6 m<\/span><\/p><p class=\"\" data-start=\"1102\" data-end=\"1215\"><strong data-start=\"1189\" data-end=\"1215\"><a class=\"cursor-pointer\" rel=\"noopener\" data-start=\"1191\" data-end=\"1213\">\u00a0<\/a><\/strong><\/p>\t\t\t\t\t\t\t\t<\/div>\n\t\t\t\t<\/div>\n\t\t\t\t\t<\/div>\n\t\t<\/div>\n\t\t\t\t<div class=\"elementor-column elementor-col-50 elementor-inner-column elementor-element elementor-element-f3ca698\" data-id=\"f3ca698\" data-element_type=\"column\" data-e-type=\"column\" data-settings=\"{&quot;background_background&quot;:&quot;classic&quot;}\">\n\t\t\t<div class=\"elementor-widget-wrap elementor-element-populated\">\n\t\t\t\t\t\t<div class=\"elementor-element elementor-element-70895e3 elementor-widget elementor-widget-image\" data-id=\"70895e3\" data-element_type=\"widget\" data-e-type=\"widget\" data-widget_type=\"image.default\">\n\t\t\t\t<div class=\"elementor-widget-container\">\n\t\t\t\t\t\t\t\t\t\t\t\t\t\t\t<img fetchpriority=\"high\" decoding=\"async\" width=\"300\" height=\"201\" src=\"https:\/\/gr10.org\/wp-content\/uploads\/2025\/05\/Bonac-3.jpg\" class=\"attachment-large size-large wp-image-14347\" alt=\"\" \/>\t\t\t\t\t\t\t\t\t\t\t\t\t\t\t<\/div>\n\t\t\t\t<\/div>\n\t\t\t\t\t<\/div>\n\t\t<\/div>\n\t\t\t\t\t<\/div>\n\t\t<\/section>\n\t\t\t\t<section class=\"elementor-section elementor-inner-section elementor-element elementor-element-2484fe6 elementor-section-full_width elementor-section-content-middle elementor-section-height-default elementor-section-height-default\" data-id=\"2484fe6\" data-element_type=\"section\" data-e-type=\"section\" data-settings=\"{&quot;background_background&quot;:&quot;classic&quot;}\">\n\t\t\t\t\t\t<div class=\"elementor-container elementor-column-gap-default\">\n\t\t\t\t\t<div class=\"elementor-column elementor-col-100 elementor-inner-column elementor-element elementor-element-1b9adf7\" data-id=\"1b9adf7\" data-element_type=\"column\" data-e-type=\"column\">\n\t\t\t<div class=\"elementor-widget-wrap elementor-element-populated\">\n\t\t\t\t\t\t<div class=\"elementor-element elementor-element-bba8f04 elementor-align-center elementor-widget__width-auto elementor-widget elementor-widget-button\" data-id=\"bba8f04\" data-element_type=\"widget\" data-e-type=\"widget\" data-widget_type=\"button.default\">\n\t\t\t\t<div class=\"elementor-widget-container\">\n\t\t\t\t\t\t\t\t\t<div class=\"elementor-button-wrapper\">\n\t\t\t\t\t<a class=\"elementor-button elementor-button-link elementor-size-xs\" href=\"https:\/\/gr10.org\/index.php\/les-dernieres-actualitees\/?preview_id=8526&#038;preview_nonce=8e933d49b1&#038;preview=true\">\n\t\t\t\t\t\t<span class=\"elementor-button-content-wrapper\">\n\t\t\t\t\t\t\t\t\t<span class=\"elementor-button-text\">Retour page des actualit\u00e9s<\/span>\n\t\t\t\t\t<\/span>\n\t\t\t\t\t<\/a>\n\t\t\t\t<\/div>\n\t\t\t\t\t\t\t\t<\/div>\n\t\t\t\t<\/div>\n\t\t\t\t\t<\/div>\n\t\t<\/div>\n\t\t\t\t\t<\/div>\n\t\t<\/section>\n\t\t\t\t\t<\/div>\n\t\t<\/div>\n\t\t\t\t\t<\/div>\n\t\t<\/section>\n\t\t\t\t<\/div>\n\t\t","protected":false},"excerpt":{"rendered":"<p>La commune de Bonac-Irazein met \u00e0 disposition un b\u00e2timent pour le d\u00e9veloppement d\u2019une activit\u00e9 polyvalente autour de la restauration, de l\u2019h\u00e9bergement, de l\u2019accueil de randonneurs, ainsi que d\u2019un bar. Ce futur \u00e9tablissement accueillera \u00e9galement une laverie et une biblioth\u00e8que en libre acc\u00e8s, ouvertes au public pendant les horaires d\u2019ouverture de la structure. \ud83d\udccc \u00c0 pr\u00e9voir&#8230;<\/p>\n","protected":false},"author":3,"featured_media":14347,"comment_status":"open","ping_status":"open","sticky":false,"template":"","format":"standard","meta":{"_acf_changed":false,"_kad_post_transparent":"","_kad_post_title":"hide","_kad_post_layout":"right","_kad_post_sidebar_id":"sidebar-primary","_kad_post_content_style":"unboxed","_kad_post_vertical_padding":"hide","_kad_post_feature":"hide","_kad_post_feature_position":"","_kad_post_header":false,"_kad_post_footer":true,"footnotes":""},"categories":[35],"tags":[38],"class_list":["post-14346","post","type-post","status-publish","format-standard","has-post-thumbnail","hentry","category-actu-info-gr10","tag-pyrenees-ariegeoises"],"acf":[],"yoast_head":"<!-- This site is optimized with the Yoast SEO plugin v27.4 - https:\/\/yoast.com\/product\/yoast-seo-wordpress\/ -->\n<title>Actu Info GR10 - Avis de mise \u00e0 disposition d\u2019un b\u00e2timent communal \u00e0 Bonac-Irazein<\/title>\n<meta name=\"description\" content=\"Retrouvez toutes les actualit\u00e9s et informations relatives au GR10 jour par jour. N&#039;h\u00e9sitez-pas \u00e0 nous faire remonter vos informations.\" \/>\n<meta name=\"robots\" content=\"index, follow, max-snippet:-1, max-image-preview:large, max-video-preview:-1\" \/>\n<link rel=\"canonical\" href=\"https:\/\/gr10.org\/index.php\/2025\/05\/16\/avis-de-mise-a-disposition-dun-batiment-communal-a-bonac-irazein\/\" \/>\n<meta property=\"og:locale\" content=\"fr_FR\" \/>\n<meta property=\"og:type\" content=\"article\" \/>\n<meta property=\"og:title\" content=\"Actu Info GR10 - Avis de mise \u00e0 disposition d\u2019un b\u00e2timent communal \u00e0 Bonac-Irazein\" \/>\n<meta property=\"og:description\" content=\"Retrouvez toutes les actualit\u00e9s et informations relatives au GR10 jour par jour. N&#039;h\u00e9sitez-pas \u00e0 nous faire remonter vos informations.\" \/>\n<meta property=\"og:url\" content=\"https:\/\/gr10.org\/index.php\/2025\/05\/16\/avis-de-mise-a-disposition-dun-batiment-communal-a-bonac-irazein\/\" \/>\n<meta property=\"og:site_name\" content=\"GR10 - La grande travers\u00e9e des Pyr\u00e9n\u00e9es\" \/>\n<meta property=\"article:published_time\" content=\"2025-05-16T06:06:57+00:00\" \/>\n<meta property=\"article:modified_time\" content=\"2025-05-16T06:14:48+00:00\" \/>\n<meta property=\"og:image\" content=\"https:\/\/gr10.org\/wp-content\/uploads\/2025\/05\/Bonac-3.jpg\" \/>\n\t<meta property=\"og:image:width\" content=\"300\" \/>\n\t<meta property=\"og:image:height\" content=\"201\" \/>\n\t<meta property=\"og:image:type\" content=\"image\/jpeg\" \/>\n<meta name=\"author\" content=\"ERIC Chaigneau\" \/>\n<meta name=\"twitter:card\" content=\"summary_large_image\" \/>\n<meta name=\"twitter:label1\" content=\"\u00c9crit par\" \/>\n\t<meta name=\"twitter:data1\" content=\"ERIC Chaigneau\" \/>\n\t<meta name=\"twitter:label2\" content=\"Dur\u00e9e de lecture estim\u00e9e\" \/>\n\t<meta name=\"twitter:data2\" content=\"1 minute\" \/>\n<script type=\"application\/ld+json\" class=\"yoast-schema-graph\">{\"@context\":\"https:\\\/\\\/schema.org\",\"@graph\":[{\"@type\":\"Article\",\"@id\":\"https:\\\/\\\/gr10.org\\\/index.php\\\/2025\\\/05\\\/16\\\/avis-de-mise-a-disposition-dun-batiment-communal-a-bonac-irazein\\\/#article\",\"isPartOf\":{\"@id\":\"https:\\\/\\\/gr10.org\\\/index.php\\\/2025\\\/05\\\/16\\\/avis-de-mise-a-disposition-dun-batiment-communal-a-bonac-irazein\\\/\"},\"author\":{\"name\":\"ERIC Chaigneau\",\"@id\":\"https:\\\/\\\/gr10.org\\\/#\\\/schema\\\/person\\\/bd9204e43e40f2148339e832cf7547f6\"},\"headline\":\"Avis de mise \u00e0 disposition d\u2019un b\u00e2timent communal \u00e0 Bonac-Irazein\",\"datePublished\":\"2025-05-16T06:06:57+00:00\",\"dateModified\":\"2025-05-16T06:14:48+00:00\",\"mainEntityOfPage\":{\"@id\":\"https:\\\/\\\/gr10.org\\\/index.php\\\/2025\\\/05\\\/16\\\/avis-de-mise-a-disposition-dun-batiment-communal-a-bonac-irazein\\\/\"},\"wordCount\":182,\"commentCount\":0,\"image\":{\"@id\":\"https:\\\/\\\/gr10.org\\\/index.php\\\/2025\\\/05\\\/16\\\/avis-de-mise-a-disposition-dun-batiment-communal-a-bonac-irazein\\\/#primaryimage\"},\"thumbnailUrl\":\"https:\\\/\\\/gr10.org\\\/wp-content\\\/uploads\\\/2025\\\/05\\\/Bonac-3.jpg\",\"keywords\":[\"Pyr\u00e9n\u00e9es Ari\u00e9geoises\"],\"articleSection\":[\"Actu Info GR10\"],\"inLanguage\":\"fr-FR\",\"potentialAction\":[{\"@type\":\"CommentAction\",\"name\":\"Comment\",\"target\":[\"https:\\\/\\\/gr10.org\\\/index.php\\\/2025\\\/05\\\/16\\\/avis-de-mise-a-disposition-dun-batiment-communal-a-bonac-irazein\\\/#respond\"]}]},{\"@type\":\"WebPage\",\"@id\":\"https:\\\/\\\/gr10.org\\\/index.php\\\/2025\\\/05\\\/16\\\/avis-de-mise-a-disposition-dun-batiment-communal-a-bonac-irazein\\\/\",\"url\":\"https:\\\/\\\/gr10.org\\\/index.php\\\/2025\\\/05\\\/16\\\/avis-de-mise-a-disposition-dun-batiment-communal-a-bonac-irazein\\\/\",\"name\":\"Actu Info GR10 - Avis de mise \u00e0 disposition d\u2019un b\u00e2timent communal \u00e0 Bonac-Irazein\",\"isPartOf\":{\"@id\":\"https:\\\/\\\/gr10.org\\\/#website\"},\"primaryImageOfPage\":{\"@id\":\"https:\\\/\\\/gr10.org\\\/index.php\\\/2025\\\/05\\\/16\\\/avis-de-mise-a-disposition-dun-batiment-communal-a-bonac-irazein\\\/#primaryimage\"},\"image\":{\"@id\":\"https:\\\/\\\/gr10.org\\\/index.php\\\/2025\\\/05\\\/16\\\/avis-de-mise-a-disposition-dun-batiment-communal-a-bonac-irazein\\\/#primaryimage\"},\"thumbnailUrl\":\"https:\\\/\\\/gr10.org\\\/wp-content\\\/uploads\\\/2025\\\/05\\\/Bonac-3.jpg\",\"datePublished\":\"2025-05-16T06:06:57+00:00\",\"dateModified\":\"2025-05-16T06:14:48+00:00\",\"author\":{\"@id\":\"https:\\\/\\\/gr10.org\\\/#\\\/schema\\\/person\\\/bd9204e43e40f2148339e832cf7547f6\"},\"description\":\"Retrouvez toutes les actualit\u00e9s et informations relatives au GR10 jour par jour. N'h\u00e9sitez-pas \u00e0 nous faire remonter vos informations.\",\"breadcrumb\":{\"@id\":\"https:\\\/\\\/gr10.org\\\/index.php\\\/2025\\\/05\\\/16\\\/avis-de-mise-a-disposition-dun-batiment-communal-a-bonac-irazein\\\/#breadcrumb\"},\"inLanguage\":\"fr-FR\",\"potentialAction\":[{\"@type\":\"ReadAction\",\"target\":[\"https:\\\/\\\/gr10.org\\\/index.php\\\/2025\\\/05\\\/16\\\/avis-de-mise-a-disposition-dun-batiment-communal-a-bonac-irazein\\\/\"]}]},{\"@type\":\"ImageObject\",\"inLanguage\":\"fr-FR\",\"@id\":\"https:\\\/\\\/gr10.org\\\/index.php\\\/2025\\\/05\\\/16\\\/avis-de-mise-a-disposition-dun-batiment-communal-a-bonac-irazein\\\/#primaryimage\",\"url\":\"https:\\\/\\\/gr10.org\\\/wp-content\\\/uploads\\\/2025\\\/05\\\/Bonac-3.jpg\",\"contentUrl\":\"https:\\\/\\\/gr10.org\\\/wp-content\\\/uploads\\\/2025\\\/05\\\/Bonac-3.jpg\",\"width\":300,\"height\":201},{\"@type\":\"BreadcrumbList\",\"@id\":\"https:\\\/\\\/gr10.org\\\/index.php\\\/2025\\\/05\\\/16\\\/avis-de-mise-a-disposition-dun-batiment-communal-a-bonac-irazein\\\/#breadcrumb\",\"itemListElement\":[{\"@type\":\"ListItem\",\"position\":1,\"name\":\"Accueil\",\"item\":\"https:\\\/\\\/gr10.org\\\/\"},{\"@type\":\"ListItem\",\"position\":2,\"name\":\"Avis de mise \u00e0 disposition d\u2019un b\u00e2timent communal \u00e0 Bonac-Irazein\"}]},{\"@type\":\"WebSite\",\"@id\":\"https:\\\/\\\/gr10.org\\\/#website\",\"url\":\"https:\\\/\\\/gr10.org\\\/\",\"name\":\"GR10 - La grande travers\u00e9e des Pyr\u00e9n\u00e9es\",\"description\":\"La grande aventure de la travers\u00e9e des Pyr\u00e9n\u00e9es via le gr10, vous en avez r\u00eav\u00e9? Alors, faite-la! Ce site vous aidera \u00e0 r\u00e9aliser votre aventure.\",\"potentialAction\":[{\"@type\":\"SearchAction\",\"target\":{\"@type\":\"EntryPoint\",\"urlTemplate\":\"https:\\\/\\\/gr10.org\\\/?s={search_term_string}\"},\"query-input\":{\"@type\":\"PropertyValueSpecification\",\"valueRequired\":true,\"valueName\":\"search_term_string\"}}],\"inLanguage\":\"fr-FR\"},{\"@type\":\"Person\",\"@id\":\"https:\\\/\\\/gr10.org\\\/#\\\/schema\\\/person\\\/bd9204e43e40f2148339e832cf7547f6\",\"name\":\"ERIC Chaigneau\",\"url\":\"https:\\\/\\\/gr10.org\\\/index.php\\\/author\\\/eric-chaigneau\\\/\"}]}<\/script>\n<!-- \/ Yoast SEO plugin. -->","yoast_head_json":{"title":"Actu Info GR10 - Avis de mise \u00e0 disposition d\u2019un b\u00e2timent communal \u00e0 Bonac-Irazein","description":"Retrouvez toutes les actualit\u00e9s et informations relatives au GR10 jour par jour. N'h\u00e9sitez-pas \u00e0 nous faire remonter vos informations.","robots":{"index":"index","follow":"follow","max-snippet":"max-snippet:-1","max-image-preview":"max-image-preview:large","max-video-preview":"max-video-preview:-1"},"canonical":"https:\/\/gr10.org\/index.php\/2025\/05\/16\/avis-de-mise-a-disposition-dun-batiment-communal-a-bonac-irazein\/","og_locale":"fr_FR","og_type":"article","og_title":"Actu Info GR10 - Avis de mise \u00e0 disposition d\u2019un b\u00e2timent communal \u00e0 Bonac-Irazein","og_description":"Retrouvez toutes les actualit\u00e9s et informations relatives au GR10 jour par jour. N'h\u00e9sitez-pas \u00e0 nous faire remonter vos informations.","og_url":"https:\/\/gr10.org\/index.php\/2025\/05\/16\/avis-de-mise-a-disposition-dun-batiment-communal-a-bonac-irazein\/","og_site_name":"GR10 - La grande travers\u00e9e des Pyr\u00e9n\u00e9es","article_published_time":"2025-05-16T06:06:57+00:00","article_modified_time":"2025-05-16T06:14:48+00:00","og_image":[{"width":300,"height":201,"url":"https:\/\/gr10.org\/wp-content\/uploads\/2025\/05\/Bonac-3.jpg","type":"image\/jpeg"}],"author":"ERIC Chaigneau","twitter_card":"summary_large_image","twitter_misc":{"\u00c9crit par":"ERIC Chaigneau","Dur\u00e9e de lecture estim\u00e9e":"1 minute"},"schema":{"@context":"https:\/\/schema.org","@graph":[{"@type":"Article","@id":"https:\/\/gr10.org\/index.php\/2025\/05\/16\/avis-de-mise-a-disposition-dun-batiment-communal-a-bonac-irazein\/#article","isPartOf":{"@id":"https:\/\/gr10.org\/index.php\/2025\/05\/16\/avis-de-mise-a-disposition-dun-batiment-communal-a-bonac-irazein\/"},"author":{"name":"ERIC Chaigneau","@id":"https:\/\/gr10.org\/#\/schema\/person\/bd9204e43e40f2148339e832cf7547f6"},"headline":"Avis de mise \u00e0 disposition d\u2019un b\u00e2timent communal \u00e0 Bonac-Irazein","datePublished":"2025-05-16T06:06:57+00:00","dateModified":"2025-05-16T06:14:48+00:00","mainEntityOfPage":{"@id":"https:\/\/gr10.org\/index.php\/2025\/05\/16\/avis-de-mise-a-disposition-dun-batiment-communal-a-bonac-irazein\/"},"wordCount":182,"commentCount":0,"image":{"@id":"https:\/\/gr10.org\/index.php\/2025\/05\/16\/avis-de-mise-a-disposition-dun-batiment-communal-a-bonac-irazein\/#primaryimage"},"thumbnailUrl":"https:\/\/gr10.org\/wp-content\/uploads\/2025\/05\/Bonac-3.jpg","keywords":["Pyr\u00e9n\u00e9es Ari\u00e9geoises"],"articleSection":["Actu Info GR10"],"inLanguage":"fr-FR","potentialAction":[{"@type":"CommentAction","name":"Comment","target":["https:\/\/gr10.org\/index.php\/2025\/05\/16\/avis-de-mise-a-disposition-dun-batiment-communal-a-bonac-irazein\/#respond"]}]},{"@type":"WebPage","@id":"https:\/\/gr10.org\/index.php\/2025\/05\/16\/avis-de-mise-a-disposition-dun-batiment-communal-a-bonac-irazein\/","url":"https:\/\/gr10.org\/index.php\/2025\/05\/16\/avis-de-mise-a-disposition-dun-batiment-communal-a-bonac-irazein\/","name":"Actu Info GR10 - Avis de mise \u00e0 disposition d\u2019un b\u00e2timent communal \u00e0 Bonac-Irazein","isPartOf":{"@id":"https:\/\/gr10.org\/#website"},"primaryImageOfPage":{"@id":"https:\/\/gr10.org\/index.php\/2025\/05\/16\/avis-de-mise-a-disposition-dun-batiment-communal-a-bonac-irazein\/#primaryimage"},"image":{"@id":"https:\/\/gr10.org\/index.php\/2025\/05\/16\/avis-de-mise-a-disposition-dun-batiment-communal-a-bonac-irazein\/#primaryimage"},"thumbnailUrl":"https:\/\/gr10.org\/wp-content\/uploads\/2025\/05\/Bonac-3.jpg","datePublished":"2025-05-16T06:06:57+00:00","dateModified":"2025-05-16T06:14:48+00:00","author":{"@id":"https:\/\/gr10.org\/#\/schema\/person\/bd9204e43e40f2148339e832cf7547f6"},"description":"Retrouvez toutes les actualit\u00e9s et informations relatives au GR10 jour par jour. N'h\u00e9sitez-pas \u00e0 nous faire remonter vos informations.","breadcrumb":{"@id":"https:\/\/gr10.org\/index.php\/2025\/05\/16\/avis-de-mise-a-disposition-dun-batiment-communal-a-bonac-irazein\/#breadcrumb"},"inLanguage":"fr-FR","potentialAction":[{"@type":"ReadAction","target":["https:\/\/gr10.org\/index.php\/2025\/05\/16\/avis-de-mise-a-disposition-dun-batiment-communal-a-bonac-irazein\/"]}]},{"@type":"ImageObject","inLanguage":"fr-FR","@id":"https:\/\/gr10.org\/index.php\/2025\/05\/16\/avis-de-mise-a-disposition-dun-batiment-communal-a-bonac-irazein\/#primaryimage","url":"https:\/\/gr10.org\/wp-content\/uploads\/2025\/05\/Bonac-3.jpg","contentUrl":"https:\/\/gr10.org\/wp-content\/uploads\/2025\/05\/Bonac-3.jpg","width":300,"height":201},{"@type":"BreadcrumbList","@id":"https:\/\/gr10.org\/index.php\/2025\/05\/16\/avis-de-mise-a-disposition-dun-batiment-communal-a-bonac-irazein\/#breadcrumb","itemListElement":[{"@type":"ListItem","position":1,"name":"Accueil","item":"https:\/\/gr10.org\/"},{"@type":"ListItem","position":2,"name":"Avis de mise \u00e0 disposition d\u2019un b\u00e2timent communal \u00e0 Bonac-Irazein"}]},{"@type":"WebSite","@id":"https:\/\/gr10.org\/#website","url":"https:\/\/gr10.org\/","name":"GR10 - La grande travers\u00e9e des Pyr\u00e9n\u00e9es","description":"La grande aventure de la travers\u00e9e des Pyr\u00e9n\u00e9es via le gr10, vous en avez r\u00eav\u00e9? Alors, faite-la! Ce site vous aidera \u00e0 r\u00e9aliser votre aventure.","potentialAction":[{"@type":"SearchAction","target":{"@type":"EntryPoint","urlTemplate":"https:\/\/gr10.org\/?s={search_term_string}"},"query-input":{"@type":"PropertyValueSpecification","valueRequired":true,"valueName":"search_term_string"}}],"inLanguage":"fr-FR"},{"@type":"Person","@id":"https:\/\/gr10.org\/#\/schema\/person\/bd9204e43e40f2148339e832cf7547f6","name":"ERIC Chaigneau","url":"https:\/\/gr10.org\/index.php\/author\/eric-chaigneau\/"}]}},"_links":{"self":[{"href":"https:\/\/gr10.org\/index.php\/wp-json\/wp\/v2\/posts\/14346","targetHints":{"allow":["GET"]}}],"collection":[{"href":"https:\/\/gr10.org\/index.php\/wp-json\/wp\/v2\/posts"}],"about":[{"href":"https:\/\/gr10.org\/index.php\/wp-json\/wp\/v2\/types\/post"}],"author":[{"embeddable":true,"href":"https:\/\/gr10.org\/index.php\/wp-json\/wp\/v2\/users\/3"}],"replies":[{"embeddable":true,"href":"https:\/\/gr10.org\/index.php\/wp-json\/wp\/v2\/comments?post=14346"}],"version-history":[{"count":7,"href":"https:\/\/gr10.org\/index.php\/wp-json\/wp\/v2\/posts\/14346\/revisions"}],"predecessor-version":[{"id":14354,"href":"https:\/\/gr10.org\/index.php\/wp-json\/wp\/v2\/posts\/14346\/revisions\/14354"}],"wp:featuredmedia":[{"embeddable":true,"href":"https:\/\/gr10.org\/index.php\/wp-json\/wp\/v2\/media\/14347"}],"wp:attachment":[{"href":"https:\/\/gr10.org\/index.php\/wp-json\/wp\/v2\/media?parent=14346"}],"wp:term":[{"taxonomy":"category","embeddable":true,"href":"https:\/\/gr10.org\/index.php\/wp-json\/wp\/v2\/categories?post=14346"},{"taxonomy":"post_tag","embeddable":true,"href":"https:\/\/gr10.org\/index.php\/wp-json\/wp\/v2\/tags?post=14346"}],"curies":[{"name":"wp","href":"https:\/\/api.w.org\/{rel}","templated":true}]}}