{"id":14487,"date":"2025-06-13T18:45:49","date_gmt":"2025-06-13T16:45:49","guid":{"rendered":"https:\/\/gr10.org\/?p=14487"},"modified":"2025-06-13T18:56:07","modified_gmt":"2025-06-13T16:56:07","slug":"avis-chantier-participatif-cabane-uls-melles","status":"publish","type":"post","link":"https:\/\/gr10.org\/index.php\/2025\/06\/13\/avis-chantier-participatif-cabane-uls-melles\/","title":{"rendered":"Avis chantier participatif cabane ULS sur le GR10 \u00e0 Melles (31)"},"content":{"rendered":"\t\t<div data-elementor-type=\"wp-post\" data-elementor-id=\"14487\" class=\"elementor elementor-14487\" data-elementor-post-type=\"post\">\n\t\t\t\t\t\t<section class=\"elementor-section elementor-top-section elementor-element elementor-element-8fd265b elementor-section-boxed elementor-section-height-default elementor-section-height-default\" data-id=\"8fd265b\" data-element_type=\"section\" data-e-type=\"section\" data-settings=\"{&quot;background_background&quot;:&quot;classic&quot;}\">\n\t\t\t\t\t\t<div class=\"elementor-container elementor-column-gap-default\">\n\t\t\t\t\t<div class=\"elementor-column elementor-col-100 elementor-top-column elementor-element elementor-element-88f5ec7\" data-id=\"88f5ec7\" data-element_type=\"column\" data-e-type=\"column\" data-settings=\"{&quot;background_background&quot;:&quot;classic&quot;}\">\n\t\t\t<div class=\"elementor-widget-wrap elementor-element-populated\">\n\t\t\t\t\t\t<section class=\"elementor-section elementor-inner-section elementor-element elementor-element-fd5537b elementor-section-boxed elementor-section-height-default elementor-section-height-default\" data-id=\"fd5537b\" data-element_type=\"section\" data-e-type=\"section\">\n\t\t\t\t\t\t<div class=\"elementor-container elementor-column-gap-default\">\n\t\t\t\t\t<div class=\"elementor-column elementor-col-50 elementor-inner-column elementor-element elementor-element-5bc0f85\" data-id=\"5bc0f85\" data-element_type=\"column\" data-e-type=\"column\">\n\t\t\t<div class=\"elementor-widget-wrap elementor-element-populated\">\n\t\t\t\t\t\t<div class=\"elementor-element elementor-element-94a6fa6 elementor-widget elementor-widget-image\" data-id=\"94a6fa6\" data-element_type=\"widget\" data-e-type=\"widget\" data-widget_type=\"image.default\">\n\t\t\t\t<div class=\"elementor-widget-container\">\n\t\t\t\t\t\t\t\t\t\t\t\t\t\t\t<img decoding=\"async\" src=\"https:\/\/secure.gravatar.com\/avatar\/2e74938f71ec0dcef3b5054594356ebc730120b62e7d349eed99feca814999cf?s=96&#038;d=mm&#038;r=g\" title=\"\" alt=\"\" loading=\"lazy\" \/>\t\t\t\t\t\t\t\t\t\t\t\t\t\t\t<\/div>\n\t\t\t\t<\/div>\n\t\t\t\t\t<\/div>\n\t\t<\/div>\n\t\t\t\t<div class=\"elementor-column elementor-col-50 elementor-inner-column elementor-element elementor-element-cec0360\" data-id=\"cec0360\" data-element_type=\"column\" data-e-type=\"column\">\n\t\t\t<div class=\"elementor-widget-wrap elementor-element-populated\">\n\t\t\t\t\t\t<div class=\"elementor-element elementor-element-cf408b2 elementor-widget elementor-widget-text-editor\" data-id=\"cf408b2\" data-element_type=\"widget\" data-e-type=\"widget\" data-widget_type=\"text-editor.default\">\n\t\t\t\t<div class=\"elementor-widget-container\">\n\t\t\t\t\t\t\t\t\tERIC Chaigneau\t\t\t\t\t\t\t\t<\/div>\n\t\t\t\t<\/div>\n\t\t\t\t<div class=\"elementor-element elementor-element-c68c6e6 elementor-widget elementor-widget-text-editor\" data-id=\"c68c6e6\" data-element_type=\"widget\" data-e-type=\"widget\" data-widget_type=\"text-editor.default\">\n\t\t\t\t<div class=\"elementor-widget-container\">\n\t\t\t\t\t\t\t\t\t13 juin 2025\t\t\t\t\t\t\t\t<\/div>\n\t\t\t\t<\/div>\n\t\t\t\t\t<\/div>\n\t\t<\/div>\n\t\t\t\t\t<\/div>\n\t\t<\/section>\n\t\t\t\t<section class=\"elementor-section elementor-inner-section elementor-element elementor-element-f62fb77 elementor-section-full_width elementor-section-content-middle elementor-reverse-mobile elementor-section-height-min-height elementor-section-height-default\" data-id=\"f62fb77\" data-element_type=\"section\" data-e-type=\"section\" data-settings=\"{&quot;background_background&quot;:&quot;classic&quot;}\">\n\t\t\t\t\t\t<div class=\"elementor-container elementor-column-gap-default\">\n\t\t\t\t\t<div class=\"elementor-column elementor-col-50 elementor-inner-column elementor-element elementor-element-e3e0e36\" data-id=\"e3e0e36\" data-element_type=\"column\" data-e-type=\"column\">\n\t\t\t<div class=\"elementor-widget-wrap elementor-element-populated\">\n\t\t\t\t\t\t<div class=\"elementor-element elementor-element-4714157 elementor-widget elementor-widget-text-editor\" data-id=\"4714157\" data-element_type=\"widget\" data-e-type=\"widget\" data-widget_type=\"text-editor.default\">\n\t\t\t\t<div class=\"elementor-widget-container\">\n\t\t\t\t\t\t\t\t\t13 juin 2025\t\t\t\t\t\t\t\t<\/div>\n\t\t\t\t<\/div>\n\t\t\t\t<div class=\"elementor-element elementor-element-ac77bef elementor-widget elementor-widget-text-editor\" data-id=\"ac77bef\" data-element_type=\"widget\" data-e-type=\"widget\" data-widget_type=\"text-editor.default\">\n\t\t\t\t<div class=\"elementor-widget-container\">\n\t\t\t\t\t\t\t\t\t<p style=\"font-weight: 400;\">La petite mairie de Melles situ\u00e9es en Haute-Garonne \u00e0 le plaisir de vous inviter \u00e0 participer \u00e0 un chantier participatif de restauration de la Cabane d&rsquo;Uls sur le GR10.<br \/><br \/>Voici les modalit\u00e9s de participation :\u00a0<br \/><br \/><strong>Dates<\/strong>\u00a0: Du lundi 30 juin au vendredi 4 juillet possibilit\u00e9 de poursuivre les travaux jusqu\u2019au dimanche 6 si besoin.<br \/><br \/><strong>Nature des travaux<\/strong> : Nettoyage, remplacement de la couverture et rafraichissement totale.<br \/><br \/><strong>Logistique<\/strong> : Les repas sont pris en charge par la mairie jusqu\u2019au vendredi 4, vos sp\u00e9cialit\u00e9s culinaires \u00e0 partager sont les bienvenus<br \/><br \/><strong>Bivouac<\/strong>\u00a0: mat\u00e9riels personnels, toiles de tente, etc\u2026<br \/><br \/><strong>D\u00e9part<\/strong> : RDV parking de Labach de Melles le lundi 30 \u00e0 9h.<br \/><br \/><strong>Attention particuli\u00e8re<\/strong>\u00a0: Le parking de Labach de Melles sera ferm\u00e9 et occup\u00e9 pour les h\u00e9liportages.<br \/><br \/><strong>Inscriptions pr\u00e9alables<\/strong> obligatoires, notamment pour l\u2019assurance.<br \/><br \/>Contact\u00a0:\u00a0<a href=\"mailto:mairie-de-melles@wanadoo.fr\">mairie-de-melles@wanadoo.fr<\/a><br \/>Alban : 06 80 927 423<\/p>\t\t\t\t\t\t\t\t<\/div>\n\t\t\t\t<\/div>\n\t\t\t\t\t<\/div>\n\t\t<\/div>\n\t\t\t\t<div class=\"elementor-column elementor-col-50 elementor-inner-column elementor-element elementor-element-f3ca698\" data-id=\"f3ca698\" data-element_type=\"column\" data-e-type=\"column\" data-settings=\"{&quot;background_background&quot;:&quot;classic&quot;}\">\n\t\t\t<div class=\"elementor-widget-wrap elementor-element-populated\">\n\t\t\t\t\t\t<div class=\"elementor-element elementor-element-70895e3 elementor-widget elementor-widget-image\" data-id=\"70895e3\" data-element_type=\"widget\" data-e-type=\"widget\" data-widget_type=\"image.default\">\n\t\t\t\t<div class=\"elementor-widget-container\">\n\t\t\t\t\t\t\t\t\t\t\t\t\t\t\t<img fetchpriority=\"high\" decoding=\"async\" width=\"1024\" height=\"576\" src=\"https:\/\/gr10.org\/wp-content\/uploads\/2025\/06\/travaux-ULS-Affiche-1024x576.jpg\" class=\"attachment-large size-large wp-image-14488\" alt=\"R\u00e9novation de la cabane d&#039;Uls sur le GR10\" srcset=\"https:\/\/gr10.org\/wp-content\/uploads\/2025\/06\/travaux-ULS-Affiche-1024x576.jpg 1024w, https:\/\/gr10.org\/wp-content\/uploads\/2025\/06\/travaux-ULS-Affiche-300x169.jpg 300w, https:\/\/gr10.org\/wp-content\/uploads\/2025\/06\/travaux-ULS-Affiche-768x432.jpg 768w, https:\/\/gr10.org\/wp-content\/uploads\/2025\/06\/travaux-ULS-Affiche.jpg 1280w\" sizes=\"(max-width: 1024px) 100vw, 1024px\" \/>\t\t\t\t\t\t\t\t\t\t\t\t\t\t\t<\/div>\n\t\t\t\t<\/div>\n\t\t\t\t<div class=\"elementor-element elementor-element-3c7d95e elementor-widget elementor-widget-image\" data-id=\"3c7d95e\" data-element_type=\"widget\" data-e-type=\"widget\" data-widget_type=\"image.default\">\n\t\t\t\t<div class=\"elementor-widget-container\">\n\t\t\t\t\t\t\t\t\t\t\t\t\t\t\t<img decoding=\"async\" width=\"951\" height=\"592\" src=\"https:\/\/gr10.org\/wp-content\/uploads\/2025\/06\/Sans-titre-1.jpg\" class=\"attachment-large size-large wp-image-14491\" alt=\"Travaux cabane d&#039;Uls sur le GR10\" srcset=\"https:\/\/gr10.org\/wp-content\/uploads\/2025\/06\/Sans-titre-1.jpg 951w, https:\/\/gr10.org\/wp-content\/uploads\/2025\/06\/Sans-titre-1-300x187.jpg 300w, https:\/\/gr10.org\/wp-content\/uploads\/2025\/06\/Sans-titre-1-768x478.jpg 768w\" sizes=\"(max-width: 951px) 100vw, 951px\" \/>\t\t\t\t\t\t\t\t\t\t\t\t\t\t\t<\/div>\n\t\t\t\t<\/div>\n\t\t\t\t\t<\/div>\n\t\t<\/div>\n\t\t\t\t\t<\/div>\n\t\t<\/section>\n\t\t\t\t<section class=\"elementor-section elementor-inner-section elementor-element elementor-element-2484fe6 elementor-section-full_width elementor-section-content-middle elementor-section-height-default elementor-section-height-default\" data-id=\"2484fe6\" data-element_type=\"section\" data-e-type=\"section\" data-settings=\"{&quot;background_background&quot;:&quot;classic&quot;}\">\n\t\t\t\t\t\t<div class=\"elementor-container elementor-column-gap-default\">\n\t\t\t\t\t<div class=\"elementor-column elementor-col-100 elementor-inner-column elementor-element elementor-element-1b9adf7\" data-id=\"1b9adf7\" data-element_type=\"column\" data-e-type=\"column\">\n\t\t\t<div class=\"elementor-widget-wrap elementor-element-populated\">\n\t\t\t\t\t\t<div class=\"elementor-element elementor-element-bba8f04 elementor-align-center elementor-widget__width-auto elementor-widget elementor-widget-button\" data-id=\"bba8f04\" data-element_type=\"widget\" data-e-type=\"widget\" data-widget_type=\"button.default\">\n\t\t\t\t<div class=\"elementor-widget-container\">\n\t\t\t\t\t\t\t\t\t<div class=\"elementor-button-wrapper\">\n\t\t\t\t\t<a class=\"elementor-button elementor-button-link elementor-size-xs\" href=\"https:\/\/gr10.org\/index.php\/les-dernieres-actualitees\/?preview_id=8526&#038;preview_nonce=8e933d49b1&#038;preview=true\">\n\t\t\t\t\t\t<span class=\"elementor-button-content-wrapper\">\n\t\t\t\t\t\t\t\t\t<span class=\"elementor-button-text\">Retour page des actualit\u00e9s<\/span>\n\t\t\t\t\t<\/span>\n\t\t\t\t\t<\/a>\n\t\t\t\t<\/div>\n\t\t\t\t\t\t\t\t<\/div>\n\t\t\t\t<\/div>\n\t\t\t\t\t<\/div>\n\t\t<\/div>\n\t\t\t\t\t<\/div>\n\t\t<\/section>\n\t\t\t\t\t<\/div>\n\t\t<\/div>\n\t\t\t\t\t<\/div>\n\t\t<\/section>\n\t\t\t\t<\/div>\n\t\t","protected":false},"excerpt":{"rendered":"<p>La petite mairie de Melles situ\u00e9es en Haute-Garonne \u00e0 le plaisir de vous inviter \u00e0 participer \u00e0 un chantier participatif de restauration de la Cabane d&rsquo;Uls sur le GR10. Voici les modalit\u00e9s de participation :\u00a0 Dates\u00a0: Du lundi 30 juin au vendredi 4 juillet possibilit\u00e9 de poursuivre les travaux jusqu\u2019au dimanche 6 si besoin. Nature&#8230;<\/p>\n","protected":false},"author":3,"featured_media":14488,"comment_status":"open","ping_status":"open","sticky":false,"template":"","format":"standard","meta":{"_acf_changed":false,"_kad_post_transparent":"","_kad_post_title":"hide","_kad_post_layout":"right","_kad_post_sidebar_id":"sidebar-primary","_kad_post_content_style":"unboxed","_kad_post_vertical_padding":"hide","_kad_post_feature":"hide","_kad_post_feature_position":"","_kad_post_header":false,"_kad_post_footer":true,"footnotes":""},"categories":[35],"tags":[38,37],"class_list":["post-14487","post","type-post","status-publish","format-standard","has-post-thumbnail","hentry","category-actu-info-gr10","tag-pyrenees-ariegeoises","tag-pyrenees-centrales"],"acf":[],"yoast_head":"<!-- This site is optimized with the Yoast SEO plugin v27.4 - https:\/\/yoast.com\/product\/yoast-seo-wordpress\/ -->\n<title>Actu Info GR10 - Avis chantier participatif cabane ULS sur le GR10 \u00e0 Melles (31)<\/title>\n<meta name=\"description\" content=\"Retrouvez toutes les actualit\u00e9s et informations relatives au GR10 jour par jour. N&#039;h\u00e9sitez-pas \u00e0 nous faire remonter vos informations.\" \/>\n<meta name=\"robots\" content=\"index, follow, max-snippet:-1, max-image-preview:large, max-video-preview:-1\" \/>\n<link rel=\"canonical\" href=\"https:\/\/gr10.org\/index.php\/2025\/06\/13\/avis-chantier-participatif-cabane-uls-melles\/\" \/>\n<meta property=\"og:locale\" content=\"fr_FR\" \/>\n<meta property=\"og:type\" content=\"article\" \/>\n<meta property=\"og:title\" content=\"Actu Info GR10 - Avis chantier participatif cabane ULS sur le GR10 \u00e0 Melles (31)\" \/>\n<meta property=\"og:description\" content=\"Retrouvez toutes les actualit\u00e9s et informations relatives au GR10 jour par jour. N&#039;h\u00e9sitez-pas \u00e0 nous faire remonter vos informations.\" \/>\n<meta property=\"og:url\" content=\"https:\/\/gr10.org\/index.php\/2025\/06\/13\/avis-chantier-participatif-cabane-uls-melles\/\" \/>\n<meta property=\"og:site_name\" content=\"GR10 - La grande travers\u00e9e des Pyr\u00e9n\u00e9es\" \/>\n<meta property=\"article:published_time\" content=\"2025-06-13T16:45:49+00:00\" \/>\n<meta property=\"article:modified_time\" content=\"2025-06-13T16:56:07+00:00\" \/>\n<meta property=\"og:image\" content=\"https:\/\/gr10.org\/wp-content\/uploads\/2025\/06\/travaux-ULS-Affiche.jpg\" \/>\n\t<meta property=\"og:image:width\" content=\"1280\" \/>\n\t<meta property=\"og:image:height\" content=\"720\" \/>\n\t<meta property=\"og:image:type\" content=\"image\/jpeg\" \/>\n<meta name=\"author\" content=\"ERIC Chaigneau\" \/>\n<meta name=\"twitter:card\" content=\"summary_large_image\" \/>\n<meta name=\"twitter:label1\" content=\"\u00c9crit par\" \/>\n\t<meta name=\"twitter:data1\" content=\"ERIC Chaigneau\" \/>\n\t<meta name=\"twitter:label2\" content=\"Dur\u00e9e de lecture estim\u00e9e\" \/>\n\t<meta name=\"twitter:data2\" content=\"1 minute\" \/>\n<script type=\"application\/ld+json\" class=\"yoast-schema-graph\">{\"@context\":\"https:\\\/\\\/schema.org\",\"@graph\":[{\"@type\":\"Article\",\"@id\":\"https:\\\/\\\/gr10.org\\\/index.php\\\/2025\\\/06\\\/13\\\/avis-chantier-participatif-cabane-uls-melles\\\/#article\",\"isPartOf\":{\"@id\":\"https:\\\/\\\/gr10.org\\\/index.php\\\/2025\\\/06\\\/13\\\/avis-chantier-participatif-cabane-uls-melles\\\/\"},\"author\":{\"name\":\"ERIC Chaigneau\",\"@id\":\"https:\\\/\\\/gr10.org\\\/#\\\/schema\\\/person\\\/bd9204e43e40f2148339e832cf7547f6\"},\"headline\":\"Avis chantier participatif cabane ULS sur le GR10 \u00e0 Melles (31)\",\"datePublished\":\"2025-06-13T16:45:49+00:00\",\"dateModified\":\"2025-06-13T16:56:07+00:00\",\"mainEntityOfPage\":{\"@id\":\"https:\\\/\\\/gr10.org\\\/index.php\\\/2025\\\/06\\\/13\\\/avis-chantier-participatif-cabane-uls-melles\\\/\"},\"wordCount\":147,\"commentCount\":0,\"image\":{\"@id\":\"https:\\\/\\\/gr10.org\\\/index.php\\\/2025\\\/06\\\/13\\\/avis-chantier-participatif-cabane-uls-melles\\\/#primaryimage\"},\"thumbnailUrl\":\"https:\\\/\\\/gr10.org\\\/wp-content\\\/uploads\\\/2025\\\/06\\\/travaux-ULS-Affiche.jpg\",\"keywords\":[\"Pyr\u00e9n\u00e9es Ari\u00e9geoises\",\"Pyr\u00e9n\u00e9es Centrales\"],\"articleSection\":[\"Actu Info GR10\"],\"inLanguage\":\"fr-FR\",\"potentialAction\":[{\"@type\":\"CommentAction\",\"name\":\"Comment\",\"target\":[\"https:\\\/\\\/gr10.org\\\/index.php\\\/2025\\\/06\\\/13\\\/avis-chantier-participatif-cabane-uls-melles\\\/#respond\"]}]},{\"@type\":\"WebPage\",\"@id\":\"https:\\\/\\\/gr10.org\\\/index.php\\\/2025\\\/06\\\/13\\\/avis-chantier-participatif-cabane-uls-melles\\\/\",\"url\":\"https:\\\/\\\/gr10.org\\\/index.php\\\/2025\\\/06\\\/13\\\/avis-chantier-participatif-cabane-uls-melles\\\/\",\"name\":\"Actu Info GR10 - Avis chantier participatif cabane ULS sur le GR10 \u00e0 Melles (31)\",\"isPartOf\":{\"@id\":\"https:\\\/\\\/gr10.org\\\/#website\"},\"primaryImageOfPage\":{\"@id\":\"https:\\\/\\\/gr10.org\\\/index.php\\\/2025\\\/06\\\/13\\\/avis-chantier-participatif-cabane-uls-melles\\\/#primaryimage\"},\"image\":{\"@id\":\"https:\\\/\\\/gr10.org\\\/index.php\\\/2025\\\/06\\\/13\\\/avis-chantier-participatif-cabane-uls-melles\\\/#primaryimage\"},\"thumbnailUrl\":\"https:\\\/\\\/gr10.org\\\/wp-content\\\/uploads\\\/2025\\\/06\\\/travaux-ULS-Affiche.jpg\",\"datePublished\":\"2025-06-13T16:45:49+00:00\",\"dateModified\":\"2025-06-13T16:56:07+00:00\",\"author\":{\"@id\":\"https:\\\/\\\/gr10.org\\\/#\\\/schema\\\/person\\\/bd9204e43e40f2148339e832cf7547f6\"},\"description\":\"Retrouvez toutes les actualit\u00e9s et informations relatives au GR10 jour par jour. N'h\u00e9sitez-pas \u00e0 nous faire remonter vos informations.\",\"breadcrumb\":{\"@id\":\"https:\\\/\\\/gr10.org\\\/index.php\\\/2025\\\/06\\\/13\\\/avis-chantier-participatif-cabane-uls-melles\\\/#breadcrumb\"},\"inLanguage\":\"fr-FR\",\"potentialAction\":[{\"@type\":\"ReadAction\",\"target\":[\"https:\\\/\\\/gr10.org\\\/index.php\\\/2025\\\/06\\\/13\\\/avis-chantier-participatif-cabane-uls-melles\\\/\"]}]},{\"@type\":\"ImageObject\",\"inLanguage\":\"fr-FR\",\"@id\":\"https:\\\/\\\/gr10.org\\\/index.php\\\/2025\\\/06\\\/13\\\/avis-chantier-participatif-cabane-uls-melles\\\/#primaryimage\",\"url\":\"https:\\\/\\\/gr10.org\\\/wp-content\\\/uploads\\\/2025\\\/06\\\/travaux-ULS-Affiche.jpg\",\"contentUrl\":\"https:\\\/\\\/gr10.org\\\/wp-content\\\/uploads\\\/2025\\\/06\\\/travaux-ULS-Affiche.jpg\",\"width\":1280,\"height\":720,\"caption\":\"R\u00e9novation de la cabane d'Uls sur le GR10\"},{\"@type\":\"BreadcrumbList\",\"@id\":\"https:\\\/\\\/gr10.org\\\/index.php\\\/2025\\\/06\\\/13\\\/avis-chantier-participatif-cabane-uls-melles\\\/#breadcrumb\",\"itemListElement\":[{\"@type\":\"ListItem\",\"position\":1,\"name\":\"Accueil\",\"item\":\"https:\\\/\\\/gr10.org\\\/\"},{\"@type\":\"ListItem\",\"position\":2,\"name\":\"Avis chantier participatif cabane ULS sur le GR10 \u00e0 Melles (31)\"}]},{\"@type\":\"WebSite\",\"@id\":\"https:\\\/\\\/gr10.org\\\/#website\",\"url\":\"https:\\\/\\\/gr10.org\\\/\",\"name\":\"GR10 - La grande travers\u00e9e des Pyr\u00e9n\u00e9es\",\"description\":\"La grande aventure de la travers\u00e9e des Pyr\u00e9n\u00e9es via le gr10, vous en avez r\u00eav\u00e9? Alors, faite-la! Ce site vous aidera \u00e0 r\u00e9aliser votre aventure.\",\"potentialAction\":[{\"@type\":\"SearchAction\",\"target\":{\"@type\":\"EntryPoint\",\"urlTemplate\":\"https:\\\/\\\/gr10.org\\\/?s={search_term_string}\"},\"query-input\":{\"@type\":\"PropertyValueSpecification\",\"valueRequired\":true,\"valueName\":\"search_term_string\"}}],\"inLanguage\":\"fr-FR\"},{\"@type\":\"Person\",\"@id\":\"https:\\\/\\\/gr10.org\\\/#\\\/schema\\\/person\\\/bd9204e43e40f2148339e832cf7547f6\",\"name\":\"ERIC Chaigneau\",\"url\":\"https:\\\/\\\/gr10.org\\\/index.php\\\/author\\\/eric-chaigneau\\\/\"}]}<\/script>\n<!-- \/ Yoast SEO plugin. -->","yoast_head_json":{"title":"Actu Info GR10 - Avis chantier participatif cabane ULS sur le GR10 \u00e0 Melles (31)","description":"Retrouvez toutes les actualit\u00e9s et informations relatives au GR10 jour par jour. N'h\u00e9sitez-pas \u00e0 nous faire remonter vos informations.","robots":{"index":"index","follow":"follow","max-snippet":"max-snippet:-1","max-image-preview":"max-image-preview:large","max-video-preview":"max-video-preview:-1"},"canonical":"https:\/\/gr10.org\/index.php\/2025\/06\/13\/avis-chantier-participatif-cabane-uls-melles\/","og_locale":"fr_FR","og_type":"article","og_title":"Actu Info GR10 - Avis chantier participatif cabane ULS sur le GR10 \u00e0 Melles (31)","og_description":"Retrouvez toutes les actualit\u00e9s et informations relatives au GR10 jour par jour. N'h\u00e9sitez-pas \u00e0 nous faire remonter vos informations.","og_url":"https:\/\/gr10.org\/index.php\/2025\/06\/13\/avis-chantier-participatif-cabane-uls-melles\/","og_site_name":"GR10 - La grande travers\u00e9e des Pyr\u00e9n\u00e9es","article_published_time":"2025-06-13T16:45:49+00:00","article_modified_time":"2025-06-13T16:56:07+00:00","og_image":[{"width":1280,"height":720,"url":"https:\/\/gr10.org\/wp-content\/uploads\/2025\/06\/travaux-ULS-Affiche.jpg","type":"image\/jpeg"}],"author":"ERIC Chaigneau","twitter_card":"summary_large_image","twitter_misc":{"\u00c9crit par":"ERIC Chaigneau","Dur\u00e9e de lecture estim\u00e9e":"1 minute"},"schema":{"@context":"https:\/\/schema.org","@graph":[{"@type":"Article","@id":"https:\/\/gr10.org\/index.php\/2025\/06\/13\/avis-chantier-participatif-cabane-uls-melles\/#article","isPartOf":{"@id":"https:\/\/gr10.org\/index.php\/2025\/06\/13\/avis-chantier-participatif-cabane-uls-melles\/"},"author":{"name":"ERIC Chaigneau","@id":"https:\/\/gr10.org\/#\/schema\/person\/bd9204e43e40f2148339e832cf7547f6"},"headline":"Avis chantier participatif cabane ULS sur le GR10 \u00e0 Melles (31)","datePublished":"2025-06-13T16:45:49+00:00","dateModified":"2025-06-13T16:56:07+00:00","mainEntityOfPage":{"@id":"https:\/\/gr10.org\/index.php\/2025\/06\/13\/avis-chantier-participatif-cabane-uls-melles\/"},"wordCount":147,"commentCount":0,"image":{"@id":"https:\/\/gr10.org\/index.php\/2025\/06\/13\/avis-chantier-participatif-cabane-uls-melles\/#primaryimage"},"thumbnailUrl":"https:\/\/gr10.org\/wp-content\/uploads\/2025\/06\/travaux-ULS-Affiche.jpg","keywords":["Pyr\u00e9n\u00e9es Ari\u00e9geoises","Pyr\u00e9n\u00e9es Centrales"],"articleSection":["Actu Info GR10"],"inLanguage":"fr-FR","potentialAction":[{"@type":"CommentAction","name":"Comment","target":["https:\/\/gr10.org\/index.php\/2025\/06\/13\/avis-chantier-participatif-cabane-uls-melles\/#respond"]}]},{"@type":"WebPage","@id":"https:\/\/gr10.org\/index.php\/2025\/06\/13\/avis-chantier-participatif-cabane-uls-melles\/","url":"https:\/\/gr10.org\/index.php\/2025\/06\/13\/avis-chantier-participatif-cabane-uls-melles\/","name":"Actu Info GR10 - Avis chantier participatif cabane ULS sur le GR10 \u00e0 Melles (31)","isPartOf":{"@id":"https:\/\/gr10.org\/#website"},"primaryImageOfPage":{"@id":"https:\/\/gr10.org\/index.php\/2025\/06\/13\/avis-chantier-participatif-cabane-uls-melles\/#primaryimage"},"image":{"@id":"https:\/\/gr10.org\/index.php\/2025\/06\/13\/avis-chantier-participatif-cabane-uls-melles\/#primaryimage"},"thumbnailUrl":"https:\/\/gr10.org\/wp-content\/uploads\/2025\/06\/travaux-ULS-Affiche.jpg","datePublished":"2025-06-13T16:45:49+00:00","dateModified":"2025-06-13T16:56:07+00:00","author":{"@id":"https:\/\/gr10.org\/#\/schema\/person\/bd9204e43e40f2148339e832cf7547f6"},"description":"Retrouvez toutes les actualit\u00e9s et informations relatives au GR10 jour par jour. N'h\u00e9sitez-pas \u00e0 nous faire remonter vos informations.","breadcrumb":{"@id":"https:\/\/gr10.org\/index.php\/2025\/06\/13\/avis-chantier-participatif-cabane-uls-melles\/#breadcrumb"},"inLanguage":"fr-FR","potentialAction":[{"@type":"ReadAction","target":["https:\/\/gr10.org\/index.php\/2025\/06\/13\/avis-chantier-participatif-cabane-uls-melles\/"]}]},{"@type":"ImageObject","inLanguage":"fr-FR","@id":"https:\/\/gr10.org\/index.php\/2025\/06\/13\/avis-chantier-participatif-cabane-uls-melles\/#primaryimage","url":"https:\/\/gr10.org\/wp-content\/uploads\/2025\/06\/travaux-ULS-Affiche.jpg","contentUrl":"https:\/\/gr10.org\/wp-content\/uploads\/2025\/06\/travaux-ULS-Affiche.jpg","width":1280,"height":720,"caption":"R\u00e9novation de la cabane d'Uls sur le GR10"},{"@type":"BreadcrumbList","@id":"https:\/\/gr10.org\/index.php\/2025\/06\/13\/avis-chantier-participatif-cabane-uls-melles\/#breadcrumb","itemListElement":[{"@type":"ListItem","position":1,"name":"Accueil","item":"https:\/\/gr10.org\/"},{"@type":"ListItem","position":2,"name":"Avis chantier participatif cabane ULS sur le GR10 \u00e0 Melles (31)"}]},{"@type":"WebSite","@id":"https:\/\/gr10.org\/#website","url":"https:\/\/gr10.org\/","name":"GR10 - La grande travers\u00e9e des Pyr\u00e9n\u00e9es","description":"La grande aventure de la travers\u00e9e des Pyr\u00e9n\u00e9es via le gr10, vous en avez r\u00eav\u00e9? Alors, faite-la! Ce site vous aidera \u00e0 r\u00e9aliser votre aventure.","potentialAction":[{"@type":"SearchAction","target":{"@type":"EntryPoint","urlTemplate":"https:\/\/gr10.org\/?s={search_term_string}"},"query-input":{"@type":"PropertyValueSpecification","valueRequired":true,"valueName":"search_term_string"}}],"inLanguage":"fr-FR"},{"@type":"Person","@id":"https:\/\/gr10.org\/#\/schema\/person\/bd9204e43e40f2148339e832cf7547f6","name":"ERIC Chaigneau","url":"https:\/\/gr10.org\/index.php\/author\/eric-chaigneau\/"}]}},"_links":{"self":[{"href":"https:\/\/gr10.org\/index.php\/wp-json\/wp\/v2\/posts\/14487","targetHints":{"allow":["GET"]}}],"collection":[{"href":"https:\/\/gr10.org\/index.php\/wp-json\/wp\/v2\/posts"}],"about":[{"href":"https:\/\/gr10.org\/index.php\/wp-json\/wp\/v2\/types\/post"}],"author":[{"embeddable":true,"href":"https:\/\/gr10.org\/index.php\/wp-json\/wp\/v2\/users\/3"}],"replies":[{"embeddable":true,"href":"https:\/\/gr10.org\/index.php\/wp-json\/wp\/v2\/comments?post=14487"}],"version-history":[{"count":4,"href":"https:\/\/gr10.org\/index.php\/wp-json\/wp\/v2\/posts\/14487\/revisions"}],"predecessor-version":[{"id":14494,"href":"https:\/\/gr10.org\/index.php\/wp-json\/wp\/v2\/posts\/14487\/revisions\/14494"}],"wp:featuredmedia":[{"embeddable":true,"href":"https:\/\/gr10.org\/index.php\/wp-json\/wp\/v2\/media\/14488"}],"wp:attachment":[{"href":"https:\/\/gr10.org\/index.php\/wp-json\/wp\/v2\/media?parent=14487"}],"wp:term":[{"taxonomy":"category","embeddable":true,"href":"https:\/\/gr10.org\/index.php\/wp-json\/wp\/v2\/categories?post=14487"},{"taxonomy":"post_tag","embeddable":true,"href":"https:\/\/gr10.org\/index.php\/wp-json\/wp\/v2\/tags?post=14487"}],"curies":[{"name":"wp","href":"https:\/\/api.w.org\/{rel}","templated":true}]}}