{"id":14525,"date":"2025-06-25T10:44:55","date_gmt":"2025-06-25T08:44:55","guid":{"rendered":"https:\/\/gr10.org\/?p=14525"},"modified":"2025-06-25T10:48:22","modified_gmt":"2025-06-25T08:48:22","slug":"alerte-punaises-de-lit-sur-le-gr10-a-la-cabane-de-pinateil","status":"publish","type":"post","link":"https:\/\/gr10.org\/index.php\/2025\/06\/25\/alerte-punaises-de-lit-sur-le-gr10-a-la-cabane-de-pinateil\/","title":{"rendered":"Alerte Punaises de Lit sur le GR10 \u00e0 la cabane de Pinateil"},"content":{"rendered":"\t\t<div data-elementor-type=\"wp-post\" data-elementor-id=\"14525\" class=\"elementor elementor-14525\" data-elementor-post-type=\"post\">\n\t\t\t\t\t\t<section class=\"elementor-section elementor-top-section elementor-element elementor-element-8fd265b elementor-section-boxed elementor-section-height-default elementor-section-height-default\" data-id=\"8fd265b\" data-element_type=\"section\" data-e-type=\"section\" data-settings=\"{&quot;background_background&quot;:&quot;classic&quot;}\">\n\t\t\t\t\t\t<div class=\"elementor-container elementor-column-gap-default\">\n\t\t\t\t\t<div class=\"elementor-column elementor-col-100 elementor-top-column elementor-element elementor-element-88f5ec7\" data-id=\"88f5ec7\" data-element_type=\"column\" data-e-type=\"column\" data-settings=\"{&quot;background_background&quot;:&quot;classic&quot;}\">\n\t\t\t<div class=\"elementor-widget-wrap elementor-element-populated\">\n\t\t\t\t\t\t<section class=\"elementor-section elementor-inner-section elementor-element elementor-element-fd5537b elementor-section-boxed elementor-section-height-default elementor-section-height-default\" data-id=\"fd5537b\" data-element_type=\"section\" data-e-type=\"section\">\n\t\t\t\t\t\t<div class=\"elementor-container elementor-column-gap-default\">\n\t\t\t\t\t<div class=\"elementor-column elementor-col-50 elementor-inner-column elementor-element elementor-element-5bc0f85\" data-id=\"5bc0f85\" data-element_type=\"column\" data-e-type=\"column\">\n\t\t\t<div class=\"elementor-widget-wrap elementor-element-populated\">\n\t\t\t\t\t\t<div class=\"elementor-element elementor-element-94a6fa6 elementor-widget elementor-widget-image\" data-id=\"94a6fa6\" data-element_type=\"widget\" data-e-type=\"widget\" data-widget_type=\"image.default\">\n\t\t\t\t<div class=\"elementor-widget-container\">\n\t\t\t\t\t\t\t\t\t\t\t\t\t\t\t<img decoding=\"async\" src=\"https:\/\/secure.gravatar.com\/avatar\/2e74938f71ec0dcef3b5054594356ebc730120b62e7d349eed99feca814999cf?s=96&#038;d=mm&#038;r=g\" title=\"\" alt=\"\" loading=\"lazy\" \/>\t\t\t\t\t\t\t\t\t\t\t\t\t\t\t<\/div>\n\t\t\t\t<\/div>\n\t\t\t\t\t<\/div>\n\t\t<\/div>\n\t\t\t\t<div class=\"elementor-column elementor-col-50 elementor-inner-column elementor-element elementor-element-cec0360\" data-id=\"cec0360\" data-element_type=\"column\" data-e-type=\"column\">\n\t\t\t<div class=\"elementor-widget-wrap elementor-element-populated\">\n\t\t\t\t\t\t<div class=\"elementor-element elementor-element-cf408b2 elementor-widget elementor-widget-text-editor\" data-id=\"cf408b2\" data-element_type=\"widget\" data-e-type=\"widget\" data-widget_type=\"text-editor.default\">\n\t\t\t\t<div class=\"elementor-widget-container\">\n\t\t\t\t\t\t\t\t\tERIC Chaigneau\t\t\t\t\t\t\t\t<\/div>\n\t\t\t\t<\/div>\n\t\t\t\t<div class=\"elementor-element elementor-element-c68c6e6 elementor-widget elementor-widget-text-editor\" data-id=\"c68c6e6\" data-element_type=\"widget\" data-e-type=\"widget\" data-widget_type=\"text-editor.default\">\n\t\t\t\t<div class=\"elementor-widget-container\">\n\t\t\t\t\t\t\t\t\t25 juin 2025\t\t\t\t\t\t\t\t<\/div>\n\t\t\t\t<\/div>\n\t\t\t\t\t<\/div>\n\t\t<\/div>\n\t\t\t\t\t<\/div>\n\t\t<\/section>\n\t\t\t\t<section class=\"elementor-section elementor-inner-section elementor-element elementor-element-f62fb77 elementor-section-full_width elementor-section-content-middle elementor-reverse-mobile elementor-section-height-min-height elementor-section-height-default\" data-id=\"f62fb77\" data-element_type=\"section\" data-e-type=\"section\" data-settings=\"{&quot;background_background&quot;:&quot;classic&quot;}\">\n\t\t\t\t\t\t<div class=\"elementor-container elementor-column-gap-default\">\n\t\t\t\t\t<div class=\"elementor-column elementor-col-50 elementor-inner-column elementor-element elementor-element-e3e0e36\" data-id=\"e3e0e36\" data-element_type=\"column\" data-e-type=\"column\">\n\t\t\t<div class=\"elementor-widget-wrap elementor-element-populated\">\n\t\t\t\t\t\t<div class=\"elementor-element elementor-element-4714157 elementor-widget elementor-widget-text-editor\" data-id=\"4714157\" data-element_type=\"widget\" data-e-type=\"widget\" data-widget_type=\"text-editor.default\">\n\t\t\t\t<div class=\"elementor-widget-container\">\n\t\t\t\t\t\t\t\t\t25 juin 2025\t\t\t\t\t\t\t\t<\/div>\n\t\t\t\t<\/div>\n\t\t\t\t<div class=\"elementor-element elementor-element-ac77bef elementor-widget elementor-widget-text-editor\" data-id=\"ac77bef\" data-element_type=\"widget\" data-e-type=\"widget\" data-widget_type=\"text-editor.default\">\n\t\t\t\t<div class=\"elementor-widget-container\">\n\t\t\t\t\t\t\t\t\t<p>Depuis plusieurs ann\u00e9es, le refuge non gard\u00e9 de Pinateil, situ\u00e9 dans les Pyr\u00e9n\u00e9es-Orientales entre les refuges de Bat\u00e8re et des Cortalets, est confront\u00e9 \u00e0 une infestation persistante de punaises de lit. Malgr\u00e9 plusieurs tentatives de traitement (fumig\u00e8nes, fermeture temporaire, etc.), <span style=\"text-decoration: underline;\">le probl\u00e8me n\u2019a jamais pu \u00eatre \u00e9radiqu\u00e9 de mani\u00e8re durable.<\/span><br \/><br \/>Derni\u00e8rement, plusieurs randonneurs arriv\u00e9s au refuge des Cortalets pr\u00e9sentaient des piq\u00fbres visibles : ils avaient dormi la veille \u00e0 Pinateil. C\u2019est ainsi que les punaises commencent \u00e0 se propager d\u2019un refuge \u00e0 l\u2019autre, port\u00e9es dans les sacs, v\u00eatements ou duvets des randonneurs.<br \/><br \/>Le refuge de Pinateil pr\u00e9sente malheureusement un environnement id\u00e9al pour ces parasites :<\/p><ol><li>Construction en bois avec de nombreux interstices.<\/li><li>Isolation qui favorise leur survie en hiver.<\/li><li>Altitude insuffisante pour geler la structure plusieurs jours et les \u00e9liminer naturellement.<\/li><li>Refuge non gard\u00e9, donc sans surveillance ni entretien r\u00e9gulier.<\/li><\/ol><p><strong>Un risque pour toute la cha\u00eene des refuges pyr\u00e9n\u00e9ens<\/strong><br \/>Le GR10, qui relie ces refuges, devient un vecteur de diffusion. Ce sont potentiellement tous les refuges de la travers\u00e9e, ainsi que ceux du tour du Canig\u00f3, qui sont menac\u00e9s. Le combat contre les punaises devient collectif : chaque h\u00e9bergement touch\u00e9 doit engager des moyens lourds, co\u00fbteux et stressants pour les \u00e9radiquer.<\/p><p><strong>Comment agir ?<\/strong><br \/>Randonneurs : soyez vigilants. \u00c9vitez de dormir au refuge de Pinateil tant que le probl\u00e8me n\u2019est pas r\u00e9gl\u00e9. Si vous avez des doutes apr\u00e8s une nuit\u00e9e (d\u00e9mangeaisons, traces de piq\u00fbres group\u00e9es), lavez rapidement vos v\u00eatements et sac de couchage \u00e0 haute temp\u00e9rature ou en machine avec un cycle long \u00e0 60\u00b0C.<\/p>\t\t\t\t\t\t\t\t<\/div>\n\t\t\t\t<\/div>\n\t\t\t\t\t<\/div>\n\t\t<\/div>\n\t\t\t\t<div class=\"elementor-column elementor-col-50 elementor-inner-column elementor-element elementor-element-f3ca698\" data-id=\"f3ca698\" data-element_type=\"column\" data-e-type=\"column\" data-settings=\"{&quot;background_background&quot;:&quot;classic&quot;}\">\n\t\t\t<div class=\"elementor-widget-wrap elementor-element-populated\">\n\t\t\t\t\t\t<div class=\"elementor-element elementor-element-70895e3 elementor-widget elementor-widget-image\" data-id=\"70895e3\" data-element_type=\"widget\" data-e-type=\"widget\" data-widget_type=\"image.default\">\n\t\t\t\t<div class=\"elementor-widget-container\">\n\t\t\t\t\t\t\t\t\t\t\t\t\t\t\t<img fetchpriority=\"high\" decoding=\"async\" width=\"1024\" height=\"461\" src=\"https:\/\/gr10.org\/wp-content\/uploads\/2022\/08\/299820742_541320421128956_7238120236226755220_n-1024x461.jpg\" class=\"attachment-large size-large wp-image-9707\" alt=\"Cabane du Pinateil\" srcset=\"https:\/\/gr10.org\/wp-content\/uploads\/2022\/08\/299820742_541320421128956_7238120236226755220_n-1024x461.jpg 1024w, https:\/\/gr10.org\/wp-content\/uploads\/2022\/08\/299820742_541320421128956_7238120236226755220_n-300x135.jpg 300w, https:\/\/gr10.org\/wp-content\/uploads\/2022\/08\/299820742_541320421128956_7238120236226755220_n-768x346.jpg 768w, https:\/\/gr10.org\/wp-content\/uploads\/2022\/08\/299820742_541320421128956_7238120236226755220_n-1536x692.jpg 1536w, https:\/\/gr10.org\/wp-content\/uploads\/2022\/08\/299820742_541320421128956_7238120236226755220_n.jpg 2048w\" sizes=\"(max-width: 1024px) 100vw, 1024px\" \/>\t\t\t\t\t\t\t\t\t\t\t\t\t\t\t<\/div>\n\t\t\t\t<\/div>\n\t\t\t\t\t<\/div>\n\t\t<\/div>\n\t\t\t\t\t<\/div>\n\t\t<\/section>\n\t\t\t\t<section class=\"elementor-section elementor-inner-section elementor-element elementor-element-2484fe6 elementor-section-full_width elementor-section-content-middle elementor-section-height-default elementor-section-height-default\" data-id=\"2484fe6\" data-element_type=\"section\" data-e-type=\"section\" data-settings=\"{&quot;background_background&quot;:&quot;classic&quot;}\">\n\t\t\t\t\t\t<div class=\"elementor-container elementor-column-gap-default\">\n\t\t\t\t\t<div class=\"elementor-column elementor-col-100 elementor-inner-column elementor-element elementor-element-1b9adf7\" data-id=\"1b9adf7\" data-element_type=\"column\" data-e-type=\"column\">\n\t\t\t<div class=\"elementor-widget-wrap elementor-element-populated\">\n\t\t\t\t\t\t<div class=\"elementor-element elementor-element-bba8f04 elementor-align-center elementor-widget__width-auto elementor-widget elementor-widget-button\" data-id=\"bba8f04\" data-element_type=\"widget\" data-e-type=\"widget\" data-widget_type=\"button.default\">\n\t\t\t\t<div class=\"elementor-widget-container\">\n\t\t\t\t\t\t\t\t\t<div class=\"elementor-button-wrapper\">\n\t\t\t\t\t<a class=\"elementor-button elementor-button-link elementor-size-xs\" href=\"https:\/\/gr10.org\/index.php\/les-dernieres-actualitees\/?preview_id=8526&#038;preview_nonce=8e933d49b1&#038;preview=true\">\n\t\t\t\t\t\t<span class=\"elementor-button-content-wrapper\">\n\t\t\t\t\t\t\t\t\t<span class=\"elementor-button-text\">Retour page des actualit\u00e9s<\/span>\n\t\t\t\t\t<\/span>\n\t\t\t\t\t<\/a>\n\t\t\t\t<\/div>\n\t\t\t\t\t\t\t\t<\/div>\n\t\t\t\t<\/div>\n\t\t\t\t\t<\/div>\n\t\t<\/div>\n\t\t\t\t\t<\/div>\n\t\t<\/section>\n\t\t\t\t\t<\/div>\n\t\t<\/div>\n\t\t\t\t\t<\/div>\n\t\t<\/section>\n\t\t\t\t<\/div>\n\t\t","protected":false},"excerpt":{"rendered":"<p>Depuis plusieurs ann\u00e9es, le refuge non gard\u00e9 de Pinateil, situ\u00e9 dans les Pyr\u00e9n\u00e9es-Orientales entre les refuges de Bat\u00e8re et des Cortalets, est confront\u00e9 \u00e0 une infestation persistante de punaises de lit. Malgr\u00e9 plusieurs tentatives de traitement (fumig\u00e8nes, fermeture temporaire, etc.), le probl\u00e8me n\u2019a jamais pu \u00eatre \u00e9radiqu\u00e9 de mani\u00e8re durable. Derni\u00e8rement, plusieurs randonneurs arriv\u00e9s au&#8230;<\/p>\n","protected":false},"author":3,"featured_media":9707,"comment_status":"open","ping_status":"open","sticky":false,"template":"","format":"standard","meta":{"_acf_changed":false,"_kad_post_transparent":"","_kad_post_title":"hide","_kad_post_layout":"right","_kad_post_sidebar_id":"sidebar-primary","_kad_post_content_style":"unboxed","_kad_post_vertical_padding":"hide","_kad_post_feature":"hide","_kad_post_feature_position":"","_kad_post_header":false,"_kad_post_footer":true,"footnotes":""},"categories":[35],"tags":[39],"class_list":["post-14525","post","type-post","status-publish","format-standard","has-post-thumbnail","hentry","category-actu-info-gr10","tag-pyrenees-orientales"],"acf":[],"yoast_head":"<!-- This site is optimized with the Yoast SEO plugin v27.4 - https:\/\/yoast.com\/product\/yoast-seo-wordpress\/ -->\n<title>Actu Info GR10 - Alerte Punaises de Lit sur le GR10 \u00e0 la cabane de Pinateil<\/title>\n<meta name=\"description\" content=\"Retrouvez toutes les actualit\u00e9s et informations relatives au GR10 jour par jour. N&#039;h\u00e9sitez-pas \u00e0 nous faire remonter vos informations.\" \/>\n<meta name=\"robots\" content=\"index, follow, max-snippet:-1, max-image-preview:large, max-video-preview:-1\" \/>\n<link rel=\"canonical\" href=\"https:\/\/gr10.org\/index.php\/2025\/06\/25\/alerte-punaises-de-lit-sur-le-gr10-a-la-cabane-de-pinateil\/\" \/>\n<meta property=\"og:locale\" content=\"fr_FR\" \/>\n<meta property=\"og:type\" content=\"article\" \/>\n<meta property=\"og:title\" content=\"Actu Info GR10 - Alerte Punaises de Lit sur le GR10 \u00e0 la cabane de Pinateil\" \/>\n<meta property=\"og:description\" content=\"Retrouvez toutes les actualit\u00e9s et informations relatives au GR10 jour par jour. N&#039;h\u00e9sitez-pas \u00e0 nous faire remonter vos informations.\" \/>\n<meta property=\"og:url\" content=\"https:\/\/gr10.org\/index.php\/2025\/06\/25\/alerte-punaises-de-lit-sur-le-gr10-a-la-cabane-de-pinateil\/\" \/>\n<meta property=\"og:site_name\" content=\"GR10 - La grande travers\u00e9e des Pyr\u00e9n\u00e9es\" \/>\n<meta property=\"article:published_time\" content=\"2025-06-25T08:44:55+00:00\" \/>\n<meta property=\"article:modified_time\" content=\"2025-06-25T08:48:22+00:00\" \/>\n<meta property=\"og:image\" content=\"https:\/\/gr10.org\/wp-content\/uploads\/2022\/08\/299820742_541320421128956_7238120236226755220_n.jpg\" \/>\n\t<meta property=\"og:image:width\" content=\"2048\" \/>\n\t<meta property=\"og:image:height\" content=\"922\" \/>\n\t<meta property=\"og:image:type\" content=\"image\/jpeg\" \/>\n<meta name=\"author\" content=\"ERIC Chaigneau\" \/>\n<meta name=\"twitter:card\" content=\"summary_large_image\" \/>\n<meta name=\"twitter:label1\" content=\"\u00c9crit par\" \/>\n\t<meta name=\"twitter:data1\" content=\"ERIC Chaigneau\" \/>\n\t<meta name=\"twitter:label2\" content=\"Dur\u00e9e de lecture estim\u00e9e\" \/>\n\t<meta name=\"twitter:data2\" content=\"1 minute\" \/>\n<script type=\"application\/ld+json\" class=\"yoast-schema-graph\">{\"@context\":\"https:\\\/\\\/schema.org\",\"@graph\":[{\"@type\":\"Article\",\"@id\":\"https:\\\/\\\/gr10.org\\\/index.php\\\/2025\\\/06\\\/25\\\/alerte-punaises-de-lit-sur-le-gr10-a-la-cabane-de-pinateil\\\/#article\",\"isPartOf\":{\"@id\":\"https:\\\/\\\/gr10.org\\\/index.php\\\/2025\\\/06\\\/25\\\/alerte-punaises-de-lit-sur-le-gr10-a-la-cabane-de-pinateil\\\/\"},\"author\":{\"name\":\"ERIC Chaigneau\",\"@id\":\"https:\\\/\\\/gr10.org\\\/#\\\/schema\\\/person\\\/bd9204e43e40f2148339e832cf7547f6\"},\"headline\":\"Alerte Punaises de Lit sur le GR10 \u00e0 la cabane de Pinateil\",\"datePublished\":\"2025-06-25T08:44:55+00:00\",\"dateModified\":\"2025-06-25T08:48:22+00:00\",\"mainEntityOfPage\":{\"@id\":\"https:\\\/\\\/gr10.org\\\/index.php\\\/2025\\\/06\\\/25\\\/alerte-punaises-de-lit-sur-le-gr10-a-la-cabane-de-pinateil\\\/\"},\"wordCount\":297,\"commentCount\":0,\"image\":{\"@id\":\"https:\\\/\\\/gr10.org\\\/index.php\\\/2025\\\/06\\\/25\\\/alerte-punaises-de-lit-sur-le-gr10-a-la-cabane-de-pinateil\\\/#primaryimage\"},\"thumbnailUrl\":\"https:\\\/\\\/gr10.org\\\/wp-content\\\/uploads\\\/2022\\\/08\\\/299820742_541320421128956_7238120236226755220_n.jpg\",\"keywords\":[\"Pyr\u00e9n\u00e9es Orientales\"],\"articleSection\":[\"Actu Info GR10\"],\"inLanguage\":\"fr-FR\",\"potentialAction\":[{\"@type\":\"CommentAction\",\"name\":\"Comment\",\"target\":[\"https:\\\/\\\/gr10.org\\\/index.php\\\/2025\\\/06\\\/25\\\/alerte-punaises-de-lit-sur-le-gr10-a-la-cabane-de-pinateil\\\/#respond\"]}]},{\"@type\":\"WebPage\",\"@id\":\"https:\\\/\\\/gr10.org\\\/index.php\\\/2025\\\/06\\\/25\\\/alerte-punaises-de-lit-sur-le-gr10-a-la-cabane-de-pinateil\\\/\",\"url\":\"https:\\\/\\\/gr10.org\\\/index.php\\\/2025\\\/06\\\/25\\\/alerte-punaises-de-lit-sur-le-gr10-a-la-cabane-de-pinateil\\\/\",\"name\":\"Actu Info GR10 - Alerte Punaises de Lit sur le GR10 \u00e0 la cabane de Pinateil\",\"isPartOf\":{\"@id\":\"https:\\\/\\\/gr10.org\\\/#website\"},\"primaryImageOfPage\":{\"@id\":\"https:\\\/\\\/gr10.org\\\/index.php\\\/2025\\\/06\\\/25\\\/alerte-punaises-de-lit-sur-le-gr10-a-la-cabane-de-pinateil\\\/#primaryimage\"},\"image\":{\"@id\":\"https:\\\/\\\/gr10.org\\\/index.php\\\/2025\\\/06\\\/25\\\/alerte-punaises-de-lit-sur-le-gr10-a-la-cabane-de-pinateil\\\/#primaryimage\"},\"thumbnailUrl\":\"https:\\\/\\\/gr10.org\\\/wp-content\\\/uploads\\\/2022\\\/08\\\/299820742_541320421128956_7238120236226755220_n.jpg\",\"datePublished\":\"2025-06-25T08:44:55+00:00\",\"dateModified\":\"2025-06-25T08:48:22+00:00\",\"author\":{\"@id\":\"https:\\\/\\\/gr10.org\\\/#\\\/schema\\\/person\\\/bd9204e43e40f2148339e832cf7547f6\"},\"description\":\"Retrouvez toutes les actualit\u00e9s et informations relatives au GR10 jour par jour. N'h\u00e9sitez-pas \u00e0 nous faire remonter vos informations.\",\"breadcrumb\":{\"@id\":\"https:\\\/\\\/gr10.org\\\/index.php\\\/2025\\\/06\\\/25\\\/alerte-punaises-de-lit-sur-le-gr10-a-la-cabane-de-pinateil\\\/#breadcrumb\"},\"inLanguage\":\"fr-FR\",\"potentialAction\":[{\"@type\":\"ReadAction\",\"target\":[\"https:\\\/\\\/gr10.org\\\/index.php\\\/2025\\\/06\\\/25\\\/alerte-punaises-de-lit-sur-le-gr10-a-la-cabane-de-pinateil\\\/\"]}]},{\"@type\":\"ImageObject\",\"inLanguage\":\"fr-FR\",\"@id\":\"https:\\\/\\\/gr10.org\\\/index.php\\\/2025\\\/06\\\/25\\\/alerte-punaises-de-lit-sur-le-gr10-a-la-cabane-de-pinateil\\\/#primaryimage\",\"url\":\"https:\\\/\\\/gr10.org\\\/wp-content\\\/uploads\\\/2022\\\/08\\\/299820742_541320421128956_7238120236226755220_n.jpg\",\"contentUrl\":\"https:\\\/\\\/gr10.org\\\/wp-content\\\/uploads\\\/2022\\\/08\\\/299820742_541320421128956_7238120236226755220_n.jpg\",\"width\":2048,\"height\":922,\"caption\":\"Cabane du Pinateil\"},{\"@type\":\"BreadcrumbList\",\"@id\":\"https:\\\/\\\/gr10.org\\\/index.php\\\/2025\\\/06\\\/25\\\/alerte-punaises-de-lit-sur-le-gr10-a-la-cabane-de-pinateil\\\/#breadcrumb\",\"itemListElement\":[{\"@type\":\"ListItem\",\"position\":1,\"name\":\"Accueil\",\"item\":\"https:\\\/\\\/gr10.org\\\/\"},{\"@type\":\"ListItem\",\"position\":2,\"name\":\"Alerte Punaises de Lit sur le GR10 \u00e0 la cabane de Pinateil\"}]},{\"@type\":\"WebSite\",\"@id\":\"https:\\\/\\\/gr10.org\\\/#website\",\"url\":\"https:\\\/\\\/gr10.org\\\/\",\"name\":\"GR10 - La grande travers\u00e9e des Pyr\u00e9n\u00e9es\",\"description\":\"La grande aventure de la travers\u00e9e des Pyr\u00e9n\u00e9es via le gr10, vous en avez r\u00eav\u00e9? Alors, faite-la! Ce site vous aidera \u00e0 r\u00e9aliser votre aventure.\",\"potentialAction\":[{\"@type\":\"SearchAction\",\"target\":{\"@type\":\"EntryPoint\",\"urlTemplate\":\"https:\\\/\\\/gr10.org\\\/?s={search_term_string}\"},\"query-input\":{\"@type\":\"PropertyValueSpecification\",\"valueRequired\":true,\"valueName\":\"search_term_string\"}}],\"inLanguage\":\"fr-FR\"},{\"@type\":\"Person\",\"@id\":\"https:\\\/\\\/gr10.org\\\/#\\\/schema\\\/person\\\/bd9204e43e40f2148339e832cf7547f6\",\"name\":\"ERIC Chaigneau\",\"url\":\"https:\\\/\\\/gr10.org\\\/index.php\\\/author\\\/eric-chaigneau\\\/\"}]}<\/script>\n<!-- \/ Yoast SEO plugin. -->","yoast_head_json":{"title":"Actu Info GR10 - Alerte Punaises de Lit sur le GR10 \u00e0 la cabane de Pinateil","description":"Retrouvez toutes les actualit\u00e9s et informations relatives au GR10 jour par jour. N'h\u00e9sitez-pas \u00e0 nous faire remonter vos informations.","robots":{"index":"index","follow":"follow","max-snippet":"max-snippet:-1","max-image-preview":"max-image-preview:large","max-video-preview":"max-video-preview:-1"},"canonical":"https:\/\/gr10.org\/index.php\/2025\/06\/25\/alerte-punaises-de-lit-sur-le-gr10-a-la-cabane-de-pinateil\/","og_locale":"fr_FR","og_type":"article","og_title":"Actu Info GR10 - Alerte Punaises de Lit sur le GR10 \u00e0 la cabane de Pinateil","og_description":"Retrouvez toutes les actualit\u00e9s et informations relatives au GR10 jour par jour. N'h\u00e9sitez-pas \u00e0 nous faire remonter vos informations.","og_url":"https:\/\/gr10.org\/index.php\/2025\/06\/25\/alerte-punaises-de-lit-sur-le-gr10-a-la-cabane-de-pinateil\/","og_site_name":"GR10 - La grande travers\u00e9e des Pyr\u00e9n\u00e9es","article_published_time":"2025-06-25T08:44:55+00:00","article_modified_time":"2025-06-25T08:48:22+00:00","og_image":[{"width":2048,"height":922,"url":"https:\/\/gr10.org\/wp-content\/uploads\/2022\/08\/299820742_541320421128956_7238120236226755220_n.jpg","type":"image\/jpeg"}],"author":"ERIC Chaigneau","twitter_card":"summary_large_image","twitter_misc":{"\u00c9crit par":"ERIC Chaigneau","Dur\u00e9e de lecture estim\u00e9e":"1 minute"},"schema":{"@context":"https:\/\/schema.org","@graph":[{"@type":"Article","@id":"https:\/\/gr10.org\/index.php\/2025\/06\/25\/alerte-punaises-de-lit-sur-le-gr10-a-la-cabane-de-pinateil\/#article","isPartOf":{"@id":"https:\/\/gr10.org\/index.php\/2025\/06\/25\/alerte-punaises-de-lit-sur-le-gr10-a-la-cabane-de-pinateil\/"},"author":{"name":"ERIC Chaigneau","@id":"https:\/\/gr10.org\/#\/schema\/person\/bd9204e43e40f2148339e832cf7547f6"},"headline":"Alerte Punaises de Lit sur le GR10 \u00e0 la cabane de Pinateil","datePublished":"2025-06-25T08:44:55+00:00","dateModified":"2025-06-25T08:48:22+00:00","mainEntityOfPage":{"@id":"https:\/\/gr10.org\/index.php\/2025\/06\/25\/alerte-punaises-de-lit-sur-le-gr10-a-la-cabane-de-pinateil\/"},"wordCount":297,"commentCount":0,"image":{"@id":"https:\/\/gr10.org\/index.php\/2025\/06\/25\/alerte-punaises-de-lit-sur-le-gr10-a-la-cabane-de-pinateil\/#primaryimage"},"thumbnailUrl":"https:\/\/gr10.org\/wp-content\/uploads\/2022\/08\/299820742_541320421128956_7238120236226755220_n.jpg","keywords":["Pyr\u00e9n\u00e9es Orientales"],"articleSection":["Actu Info GR10"],"inLanguage":"fr-FR","potentialAction":[{"@type":"CommentAction","name":"Comment","target":["https:\/\/gr10.org\/index.php\/2025\/06\/25\/alerte-punaises-de-lit-sur-le-gr10-a-la-cabane-de-pinateil\/#respond"]}]},{"@type":"WebPage","@id":"https:\/\/gr10.org\/index.php\/2025\/06\/25\/alerte-punaises-de-lit-sur-le-gr10-a-la-cabane-de-pinateil\/","url":"https:\/\/gr10.org\/index.php\/2025\/06\/25\/alerte-punaises-de-lit-sur-le-gr10-a-la-cabane-de-pinateil\/","name":"Actu Info GR10 - Alerte Punaises de Lit sur le GR10 \u00e0 la cabane de Pinateil","isPartOf":{"@id":"https:\/\/gr10.org\/#website"},"primaryImageOfPage":{"@id":"https:\/\/gr10.org\/index.php\/2025\/06\/25\/alerte-punaises-de-lit-sur-le-gr10-a-la-cabane-de-pinateil\/#primaryimage"},"image":{"@id":"https:\/\/gr10.org\/index.php\/2025\/06\/25\/alerte-punaises-de-lit-sur-le-gr10-a-la-cabane-de-pinateil\/#primaryimage"},"thumbnailUrl":"https:\/\/gr10.org\/wp-content\/uploads\/2022\/08\/299820742_541320421128956_7238120236226755220_n.jpg","datePublished":"2025-06-25T08:44:55+00:00","dateModified":"2025-06-25T08:48:22+00:00","author":{"@id":"https:\/\/gr10.org\/#\/schema\/person\/bd9204e43e40f2148339e832cf7547f6"},"description":"Retrouvez toutes les actualit\u00e9s et informations relatives au GR10 jour par jour. N'h\u00e9sitez-pas \u00e0 nous faire remonter vos informations.","breadcrumb":{"@id":"https:\/\/gr10.org\/index.php\/2025\/06\/25\/alerte-punaises-de-lit-sur-le-gr10-a-la-cabane-de-pinateil\/#breadcrumb"},"inLanguage":"fr-FR","potentialAction":[{"@type":"ReadAction","target":["https:\/\/gr10.org\/index.php\/2025\/06\/25\/alerte-punaises-de-lit-sur-le-gr10-a-la-cabane-de-pinateil\/"]}]},{"@type":"ImageObject","inLanguage":"fr-FR","@id":"https:\/\/gr10.org\/index.php\/2025\/06\/25\/alerte-punaises-de-lit-sur-le-gr10-a-la-cabane-de-pinateil\/#primaryimage","url":"https:\/\/gr10.org\/wp-content\/uploads\/2022\/08\/299820742_541320421128956_7238120236226755220_n.jpg","contentUrl":"https:\/\/gr10.org\/wp-content\/uploads\/2022\/08\/299820742_541320421128956_7238120236226755220_n.jpg","width":2048,"height":922,"caption":"Cabane du Pinateil"},{"@type":"BreadcrumbList","@id":"https:\/\/gr10.org\/index.php\/2025\/06\/25\/alerte-punaises-de-lit-sur-le-gr10-a-la-cabane-de-pinateil\/#breadcrumb","itemListElement":[{"@type":"ListItem","position":1,"name":"Accueil","item":"https:\/\/gr10.org\/"},{"@type":"ListItem","position":2,"name":"Alerte Punaises de Lit sur le GR10 \u00e0 la cabane de Pinateil"}]},{"@type":"WebSite","@id":"https:\/\/gr10.org\/#website","url":"https:\/\/gr10.org\/","name":"GR10 - La grande travers\u00e9e des Pyr\u00e9n\u00e9es","description":"La grande aventure de la travers\u00e9e des Pyr\u00e9n\u00e9es via le gr10, vous en avez r\u00eav\u00e9? Alors, faite-la! Ce site vous aidera \u00e0 r\u00e9aliser votre aventure.","potentialAction":[{"@type":"SearchAction","target":{"@type":"EntryPoint","urlTemplate":"https:\/\/gr10.org\/?s={search_term_string}"},"query-input":{"@type":"PropertyValueSpecification","valueRequired":true,"valueName":"search_term_string"}}],"inLanguage":"fr-FR"},{"@type":"Person","@id":"https:\/\/gr10.org\/#\/schema\/person\/bd9204e43e40f2148339e832cf7547f6","name":"ERIC Chaigneau","url":"https:\/\/gr10.org\/index.php\/author\/eric-chaigneau\/"}]}},"_links":{"self":[{"href":"https:\/\/gr10.org\/index.php\/wp-json\/wp\/v2\/posts\/14525","targetHints":{"allow":["GET"]}}],"collection":[{"href":"https:\/\/gr10.org\/index.php\/wp-json\/wp\/v2\/posts"}],"about":[{"href":"https:\/\/gr10.org\/index.php\/wp-json\/wp\/v2\/types\/post"}],"author":[{"embeddable":true,"href":"https:\/\/gr10.org\/index.php\/wp-json\/wp\/v2\/users\/3"}],"replies":[{"embeddable":true,"href":"https:\/\/gr10.org\/index.php\/wp-json\/wp\/v2\/comments?post=14525"}],"version-history":[{"count":4,"href":"https:\/\/gr10.org\/index.php\/wp-json\/wp\/v2\/posts\/14525\/revisions"}],"predecessor-version":[{"id":14529,"href":"https:\/\/gr10.org\/index.php\/wp-json\/wp\/v2\/posts\/14525\/revisions\/14529"}],"wp:featuredmedia":[{"embeddable":true,"href":"https:\/\/gr10.org\/index.php\/wp-json\/wp\/v2\/media\/9707"}],"wp:attachment":[{"href":"https:\/\/gr10.org\/index.php\/wp-json\/wp\/v2\/media?parent=14525"}],"wp:term":[{"taxonomy":"category","embeddable":true,"href":"https:\/\/gr10.org\/index.php\/wp-json\/wp\/v2\/categories?post=14525"},{"taxonomy":"post_tag","embeddable":true,"href":"https:\/\/gr10.org\/index.php\/wp-json\/wp\/v2\/tags?post=14525"}],"curies":[{"name":"wp","href":"https:\/\/api.w.org\/{rel}","templated":true}]}}